{"id":326,"date":"2017-05-26T10:00:09","date_gmt":"2017-05-26T10:00:09","guid":{"rendered":"http:\/\/fespa.es\/news\/?p=326"},"modified":"2017-07-26T14:48:01","modified_gmt":"2017-07-26T14:48:01","slug":"el-iii-congreso-fespa-de-europa-del-sur-se-celebra-en-lyon-los-dias-26-y-27-de-junio","status":"publish","type":"post","link":"https:\/\/fespa.es\/news\/index.php\/2017\/05\/26\/el-iii-congreso-fespa-de-europa-del-sur-se-celebra-en-lyon-los-dias-26-y-27-de-junio\/","title":{"rendered":"Participa en el III Congreso FESPA de Europa del Sur, que se celebra en Lyon el 26 y 27 de junio"},"content":{"rendered":"<p>Las asociaciones de Europa del Sur miembros de FESPA vuelven a confluir en el Congreso de Impresi\u00f3n y Comunicaci\u00f3n Visual de Europa del Sur. El Congreso ofrecer\u00e1 formaci\u00f3n de valor en relaci\u00f3n con todo el mundo de la impresi\u00f3n de la Comunicaci\u00f3n Visual y tendr\u00e1 lugar el 26 y 27 de junio\u00a0en Lyon (Francia). En este art\u00edculo te contamos todas las ventajas, conocimientos y experiencias que puedes disfrutar en este evento.<\/p>\n<p>Fespa Francia, Fespa Espa\u00f1a, Fespa Italia y Apigraf Portugal trabajan juntos para promover la innovaci\u00f3n de soluciones de impresi\u00f3n para el mercado industrial y de comunicaci\u00f3n.\u00a0En esa l\u00ednea, el Congreso FESPA de Europa del Sur cumple su tercera edici\u00f3n<strong>. <\/strong>En esta ocasi\u00f3n, se celebra en Lyon, segunda ciudad m\u00e1s grande del pa\u00eds galo tras Par\u00eds.<\/p>\n<p>Hablamos de una ciudad de belleza singular, con buena parte de su superficie catalogada como Patrimonio de la Humanidad por la UNESCO. La ciudad tambi\u00e9n es conocida, hist\u00f3ricamente, como la capital mundial de la seda y ostenta la reputaci\u00f3n de ser una de las capitales gastron\u00f3micas de todo el pa\u00eds vecino. As\u00ed pues, alicientes y cualidades no le faltan a la ciudad para ser el centro de la impresi\u00f3n de la Comunicaci\u00f3n Visual del sur europeo.<\/p>\n<p>El congreso empezar\u00e1 a las 14.30 del lunes 26 de junio con la presentaci\u00f3n del mismo por parte de los presidentes de las asociaciones: <em>Alberto Masserdotti,<\/em>\u00a0Presidente de FESPA Italia\u00a0Asociaci\u00f3n, <em>Christophe Aussenac,<\/em>\u00a0Presidente de FESPA France\u00a0Asociaci\u00f3n <em>Josep Tobella,<\/em>\u00a0Presidente de FESPA Espa\u00f1a\u00a0Asociaci\u00f3n y <em>Pedro Santos<\/em>, Apigraf.<\/p>\n<p>A rengl\u00f3n seguido, tendr\u00e1 lugar la exposici\u00f3n del FESPA Print Census, una investigaci\u00f3n en forma de encuesta promovida por Fespa Internacional entre las 37 asociaciones nacionales que la conforman. En su primer sondeo, esta iniciativa recopil\u00f3 1.200 encuestas completadas y el objetivo en esta segunda edici\u00f3n es ampliar el n\u00famero de muestras, para lo cu\u00e1l los interpelados tienen el est\u00edmulo del sorteo de una serie de premios (para ganar un viaje de dos noches a la exposici\u00f3n internacional FESPA 2018, con vuelos \u00a0y alojamiento en un hotel de cuatro estrellas incluido.\u00a0FESPA premiar\u00e1 adem\u00e1s a los dos finalistas con un iPad mini).<\/p>\n<p>En palabras de Sean Holt, secretario general de FESPA: \u201cEl elemento que convierte a FESPA Print Census en algo \u00fanico es el acceso directo que facilitamos a la comunidad de impresi\u00f3n, a trav\u00e9s de nuestras asociaciones, as\u00ed como la oportunidad de sondear a todos los interesados en persona en nuestros propios eventos.\u00bb<\/p>\n<p>Como no pod\u00eda ser de otra manera, el congreso abordar\u00e1 el desarrollo del sector textil. Lo har\u00e1 con un discurso de apertura, aderezado con un an\u00e1lisis del textil en la moda, as\u00ed como el textil en la industria. Esta primera jornada concluir\u00e1 con una sesi\u00f3n de Speedy Meeting (reuniones r\u00e1pidas de negocios) entre los participantes, que propiciar\u00e1 que puedan realizar alianzas o abrir oportunidades de negocio, aprovechando as\u00ed las sinergias que facilita el congreso.<\/p>\n<p>En la segunda jornada, el martes 27 de junio, el evento se reanudar\u00e1 con un caf\u00e9. Acto seguido, se realizar\u00e1 un an\u00e1lisis de lo m\u00e1s interesante que se est\u00e1 produciendo en el sector de la decoraci\u00f3n. Con un discurso de apertura, al tiempo que se diseccionan las \u00faltimas tendencias de la impresi\u00f3n en materiales y la venta al por menor.<\/p>\n<p>Tras una pausa para un nuevo caf\u00e9, se abordar\u00e1 la se\u00f1alizaci\u00f3n y la se\u00f1alizaci\u00f3n digital, con un an\u00e1lisis pormenorizado de lo que el mercado ofrece en las \u00faltimas novedades en ambos campos. Por \u00faltimo, el congreso echar\u00e1 el cierre con el desarrollo de un panel de discusi\u00f3n entre los presidentes de las organizaciones concurrentes.<\/p>\n<p>Si est\u00e1 interesado en tomar parte del Congreso de Lyon 2017, contacte por favor con nuestro compa\u00f1ero Jorge Hern\u00e1ndez, la persona responsable de organizar el viaje. Puede contactar con \u00e9l a trav\u00e9s del correo <a href=\"mailto:info@fespa.es\">info@fespa.es<\/a> o en el tel\u00e9fono 913077444.<\/p>\n<p>Fuente de contenido: fespa.com\/es<\/p>\n","protected":false},"excerpt":{"rendered":"<p>Las asociaciones de Europa del Sur miembros de FESPA vuelven a confluir en el Congreso de Impresi\u00f3n y Comunicaci\u00f3n Visual de Europa del Sur. El Congreso ofrecer\u00e1 formaci\u00f3n de valor en relaci\u00f3n con todo el mundo de la impresi\u00f3n de la Comunicaci\u00f3n Visual y tendr\u00e1 lugar el 26 y 27 de junio\u00a0en Lyon (Francia). En&hellip;<\/p>\n","protected":false},"author":1,"featured_media":327,"comment_status":"open","ping_status":"open","sticky":false,"template":"","format":"standard","meta":{"footnotes":""},"categories":[8,9],"tags":[],"class_list":["post-326","post","type-post","status-publish","format-standard","has-post-thumbnail","hentry","category-eventos","category-fespa"],"yoast_head":"<!-- This site is optimized with the Yoast SEO plugin v25.8 - https:\/\/yoast.com\/wordpress\/plugins\/seo\/ -->\n<title>Participa en el III Congreso FESPA de Europa del Sur, que se celebra en Lyon el 26 y 27 de junio - FESPA Espa\u00f1a Magazine<\/title>\n<meta name=\"robots\" content=\"index, follow, max-snippet:-1, max-image-preview:large, max-video-preview:-1\" \/>\n<link rel=\"canonical\" href=\"https:\/\/fespa.es\/news\/index.php\/2017\/05\/26\/el-iii-congreso-fespa-de-europa-del-sur-se-celebra-en-lyon-los-dias-26-y-27-de-junio\/\" \/>\n<meta property=\"og:locale\" content=\"es_ES\" \/>\n<meta property=\"og:type\" content=\"article\" \/>\n<meta property=\"og:title\" content=\"Participa en el III Congreso FESPA de Europa del Sur, que se celebra en Lyon el 26 y 27 de junio - FESPA Espa\u00f1a Magazine\" \/>\n<meta property=\"og:description\" content=\"Las asociaciones de Europa del Sur miembros de FESPA vuelven a confluir en el Congreso de Impresi\u00f3n y Comunicaci\u00f3n Visual de Europa del Sur. El Congreso ofrecer\u00e1 formaci\u00f3n de valor en relaci\u00f3n con todo el mundo de la impresi\u00f3n de la Comunicaci\u00f3n Visual y tendr\u00e1 lugar el 26 y 27 de junio\u00a0en Lyon (Francia). En&hellip;\" \/>\n<meta property=\"og:url\" content=\"https:\/\/fespa.es\/news\/index.php\/2017\/05\/26\/el-iii-congreso-fespa-de-europa-del-sur-se-celebra-en-lyon-los-dias-26-y-27-de-junio\/\" \/>\n<meta property=\"og:site_name\" content=\"FESPA Espa\u00f1a Magazine\" \/>\n<meta property=\"article:published_time\" content=\"2017-05-26T10:00:09+00:00\" \/>\n<meta property=\"article:modified_time\" content=\"2017-07-26T14:48:01+00:00\" \/>\n<meta property=\"og:image\" content=\"https:\/\/fespa.es\/news\/wp-content\/uploads\/2017\/05\/Lyon_830X370pxl.jpg\" \/>\n\t<meta property=\"og:image:width\" content=\"830\" \/>\n\t<meta property=\"og:image:height\" content=\"370\" \/>\n\t<meta property=\"og:image:type\" content=\"image\/jpeg\" \/>\n<meta name=\"author\" content=\"admin\" \/>\n<meta name=\"twitter:card\" content=\"summary_large_image\" \/>\n<meta name=\"twitter:label1\" content=\"Escrito por\" \/>\n\t<meta name=\"twitter:data1\" content=\"admin\" \/>\n\t<meta name=\"twitter:label2\" content=\"Tiempo de lectura\" \/>\n\t<meta name=\"twitter:data2\" content=\"3 minutos\" \/>\n<script type=\"application\/ld+json\" class=\"yoast-schema-graph\">{\"@context\":\"https:\/\/schema.org\",\"@graph\":[{\"@type\":\"WebPage\",\"@id\":\"https:\/\/fespa.es\/news\/index.php\/2017\/05\/26\/el-iii-congreso-fespa-de-europa-del-sur-se-celebra-en-lyon-los-dias-26-y-27-de-junio\/\",\"url\":\"https:\/\/fespa.es\/news\/index.php\/2017\/05\/26\/el-iii-congreso-fespa-de-europa-del-sur-se-celebra-en-lyon-los-dias-26-y-27-de-junio\/\",\"name\":\"Participa en el III Congreso FESPA de Europa del Sur, que se celebra en Lyon el 26 y 27 de junio - FESPA Espa\u00f1a Magazine\",\"isPartOf\":{\"@id\":\"https:\/\/fespa.es\/news\/#website\"},\"primaryImageOfPage\":{\"@id\":\"https:\/\/fespa.es\/news\/index.php\/2017\/05\/26\/el-iii-congreso-fespa-de-europa-del-sur-se-celebra-en-lyon-los-dias-26-y-27-de-junio\/#primaryimage\"},\"image\":{\"@id\":\"https:\/\/fespa.es\/news\/index.php\/2017\/05\/26\/el-iii-congreso-fespa-de-europa-del-sur-se-celebra-en-lyon-los-dias-26-y-27-de-junio\/#primaryimage\"},\"thumbnailUrl\":\"https:\/\/fespa.es\/news\/wp-content\/uploads\/2017\/05\/Lyon_830X370pxl.jpg\",\"datePublished\":\"2017-05-26T10:00:09+00:00\",\"dateModified\":\"2017-07-26T14:48:01+00:00\",\"author\":{\"@id\":\"https:\/\/fespa.es\/news\/#\/schema\/person\/0019098322836346476fc7dfdbd26d95\"},\"breadcrumb\":{\"@id\":\"https:\/\/fespa.es\/news\/index.php\/2017\/05\/26\/el-iii-congreso-fespa-de-europa-del-sur-se-celebra-en-lyon-los-dias-26-y-27-de-junio\/#breadcrumb\"},\"inLanguage\":\"es\",\"potentialAction\":[{\"@type\":\"ReadAction\",\"target\":[\"https:\/\/fespa.es\/news\/index.php\/2017\/05\/26\/el-iii-congreso-fespa-de-europa-del-sur-se-celebra-en-lyon-los-dias-26-y-27-de-junio\/\"]}]},{\"@type\":\"ImageObject\",\"inLanguage\":\"es\",\"@id\":\"https:\/\/fespa.es\/news\/index.php\/2017\/05\/26\/el-iii-congreso-fespa-de-europa-del-sur-se-celebra-en-lyon-los-dias-26-y-27-de-junio\/#primaryimage\",\"url\":\"https:\/\/fespa.es\/news\/wp-content\/uploads\/2017\/05\/Lyon_830X370pxl.jpg\",\"contentUrl\":\"https:\/\/fespa.es\/news\/wp-content\/uploads\/2017\/05\/Lyon_830X370pxl.jpg\",\"width\":830,\"height\":370},{\"@type\":\"BreadcrumbList\",\"@id\":\"https:\/\/fespa.es\/news\/index.php\/2017\/05\/26\/el-iii-congreso-fespa-de-europa-del-sur-se-celebra-en-lyon-los-dias-26-y-27-de-junio\/#breadcrumb\",\"itemListElement\":[{\"@type\":\"ListItem\",\"position\":1,\"name\":\"Portada\",\"item\":\"https:\/\/fespa.es\/news\/\"},{\"@type\":\"ListItem\",\"position\":2,\"name\":\"Participa en el III Congreso FESPA de Europa del Sur, que se celebra en Lyon el 26 y 27 de junio\"}]},{\"@type\":\"WebSite\",\"@id\":\"https:\/\/fespa.es\/news\/#website\",\"url\":\"https:\/\/fespa.es\/news\/\",\"name\":\"FESPA Espa\u00f1a Magazine\",\"description\":\"El Peri\u00f3dico de la industria de la comunicaci\u00f3n visual\",\"potentialAction\":[{\"@type\":\"SearchAction\",\"target\":{\"@type\":\"EntryPoint\",\"urlTemplate\":\"https:\/\/fespa.es\/news\/?s={search_term_string}\"},\"query-input\":{\"@type\":\"PropertyValueSpecification\",\"valueRequired\":true,\"valueName\":\"search_term_string\"}}],\"inLanguage\":\"es\"},{\"@type\":\"Person\",\"@id\":\"https:\/\/fespa.es\/news\/#\/schema\/person\/0019098322836346476fc7dfdbd26d95\",\"name\":\"admin\",\"image\":{\"@type\":\"ImageObject\",\"inLanguage\":\"es\",\"@id\":\"https:\/\/fespa.es\/news\/#\/schema\/person\/image\/\",\"url\":\"https:\/\/secure.gravatar.com\/avatar\/6a6c60542c39a2d052b8b1e8c5145e669bf888b9b229b3da0e43092daac8a32e?s=96&d=mm&r=g\",\"contentUrl\":\"https:\/\/secure.gravatar.com\/avatar\/6a6c60542c39a2d052b8b1e8c5145e669bf888b9b229b3da0e43092daac8a32e?s=96&d=mm&r=g\",\"caption\":\"admin\"},\"url\":\"https:\/\/fespa.es\/news\/index.php\/author\/admin\/\"}]}<\/script>\n<!-- \/ Yoast SEO plugin. -->","yoast_head_json":{"title":"Participa en el III Congreso FESPA de Europa del Sur, que se celebra en Lyon el 26 y 27 de junio - FESPA Espa\u00f1a Magazine","robots":{"index":"index","follow":"follow","max-snippet":"max-snippet:-1","max-image-preview":"max-image-preview:large","max-video-preview":"max-video-preview:-1"},"canonical":"https:\/\/fespa.es\/news\/index.php\/2017\/05\/26\/el-iii-congreso-fespa-de-europa-del-sur-se-celebra-en-lyon-los-dias-26-y-27-de-junio\/","og_locale":"es_ES","og_type":"article","og_title":"Participa en el III Congreso FESPA de Europa del Sur, que se celebra en Lyon el 26 y 27 de junio - FESPA Espa\u00f1a Magazine","og_description":"Las asociaciones de Europa del Sur miembros de FESPA vuelven a confluir en el Congreso de Impresi\u00f3n y Comunicaci\u00f3n Visual de Europa del Sur. El Congreso ofrecer\u00e1 formaci\u00f3n de valor en relaci\u00f3n con todo el mundo de la impresi\u00f3n de la Comunicaci\u00f3n Visual y tendr\u00e1 lugar el 26 y 27 de junio\u00a0en Lyon (Francia). En&hellip;","og_url":"https:\/\/fespa.es\/news\/index.php\/2017\/05\/26\/el-iii-congreso-fespa-de-europa-del-sur-se-celebra-en-lyon-los-dias-26-y-27-de-junio\/","og_site_name":"FESPA Espa\u00f1a Magazine","article_published_time":"2017-05-26T10:00:09+00:00","article_modified_time":"2017-07-26T14:48:01+00:00","og_image":[{"width":830,"height":370,"url":"https:\/\/fespa.es\/news\/wp-content\/uploads\/2017\/05\/Lyon_830X370pxl.jpg","type":"image\/jpeg"}],"author":"admin","twitter_card":"summary_large_image","twitter_misc":{"Escrito por":"admin","Tiempo de lectura":"3 minutos"},"schema":{"@context":"https:\/\/schema.org","@graph":[{"@type":"WebPage","@id":"https:\/\/fespa.es\/news\/index.php\/2017\/05\/26\/el-iii-congreso-fespa-de-europa-del-sur-se-celebra-en-lyon-los-dias-26-y-27-de-junio\/","url":"https:\/\/fespa.es\/news\/index.php\/2017\/05\/26\/el-iii-congreso-fespa-de-europa-del-sur-se-celebra-en-lyon-los-dias-26-y-27-de-junio\/","name":"Participa en el III Congreso FESPA de Europa del Sur, que se celebra en Lyon el 26 y 27 de junio - FESPA Espa\u00f1a Magazine","isPartOf":{"@id":"https:\/\/fespa.es\/news\/#website"},"primaryImageOfPage":{"@id":"https:\/\/fespa.es\/news\/index.php\/2017\/05\/26\/el-iii-congreso-fespa-de-europa-del-sur-se-celebra-en-lyon-los-dias-26-y-27-de-junio\/#primaryimage"},"image":{"@id":"https:\/\/fespa.es\/news\/index.php\/2017\/05\/26\/el-iii-congreso-fespa-de-europa-del-sur-se-celebra-en-lyon-los-dias-26-y-27-de-junio\/#primaryimage"},"thumbnailUrl":"https:\/\/fespa.es\/news\/wp-content\/uploads\/2017\/05\/Lyon_830X370pxl.jpg","datePublished":"2017-05-26T10:00:09+00:00","dateModified":"2017-07-26T14:48:01+00:00","author":{"@id":"https:\/\/fespa.es\/news\/#\/schema\/person\/0019098322836346476fc7dfdbd26d95"},"breadcrumb":{"@id":"https:\/\/fespa.es\/news\/index.php\/2017\/05\/26\/el-iii-congreso-fespa-de-europa-del-sur-se-celebra-en-lyon-los-dias-26-y-27-de-junio\/#breadcrumb"},"inLanguage":"es","potentialAction":[{"@type":"ReadAction","target":["https:\/\/fespa.es\/news\/index.php\/2017\/05\/26\/el-iii-congreso-fespa-de-europa-del-sur-se-celebra-en-lyon-los-dias-26-y-27-de-junio\/"]}]},{"@type":"ImageObject","inLanguage":"es","@id":"https:\/\/fespa.es\/news\/index.php\/2017\/05\/26\/el-iii-congreso-fespa-de-europa-del-sur-se-celebra-en-lyon-los-dias-26-y-27-de-junio\/#primaryimage","url":"https:\/\/fespa.es\/news\/wp-content\/uploads\/2017\/05\/Lyon_830X370pxl.jpg","contentUrl":"https:\/\/fespa.es\/news\/wp-content\/uploads\/2017\/05\/Lyon_830X370pxl.jpg","width":830,"height":370},{"@type":"BreadcrumbList","@id":"https:\/\/fespa.es\/news\/index.php\/2017\/05\/26\/el-iii-congreso-fespa-de-europa-del-sur-se-celebra-en-lyon-los-dias-26-y-27-de-junio\/#breadcrumb","itemListElement":[{"@type":"ListItem","position":1,"name":"Portada","item":"https:\/\/fespa.es\/news\/"},{"@type":"ListItem","position":2,"name":"Participa en el III Congreso FESPA de Europa del Sur, que se celebra en Lyon el 26 y 27 de junio"}]},{"@type":"WebSite","@id":"https:\/\/fespa.es\/news\/#website","url":"https:\/\/fespa.es\/news\/","name":"FESPA Espa\u00f1a Magazine","description":"El Peri\u00f3dico de la industria de la comunicaci\u00f3n visual","potentialAction":[{"@type":"SearchAction","target":{"@type":"EntryPoint","urlTemplate":"https:\/\/fespa.es\/news\/?s={search_term_string}"},"query-input":{"@type":"PropertyValueSpecification","valueRequired":true,"valueName":"search_term_string"}}],"inLanguage":"es"},{"@type":"Person","@id":"https:\/\/fespa.es\/news\/#\/schema\/person\/0019098322836346476fc7dfdbd26d95","name":"admin","image":{"@type":"ImageObject","inLanguage":"es","@id":"https:\/\/fespa.es\/news\/#\/schema\/person\/image\/","url":"https:\/\/secure.gravatar.com\/avatar\/6a6c60542c39a2d052b8b1e8c5145e669bf888b9b229b3da0e43092daac8a32e?s=96&d=mm&r=g","contentUrl":"https:\/\/secure.gravatar.com\/avatar\/6a6c60542c39a2d052b8b1e8c5145e669bf888b9b229b3da0e43092daac8a32e?s=96&d=mm&r=g","caption":"admin"},"url":"https:\/\/fespa.es\/news\/index.php\/author\/admin\/"}]}},"_links":{"self":[{"href":"https:\/\/fespa.es\/news\/index.php\/wp-json\/wp\/v2\/posts\/326","targetHints":{"allow":["GET"]}}],"collection":[{"href":"https:\/\/fespa.es\/news\/index.php\/wp-json\/wp\/v2\/posts"}],"about":[{"href":"https:\/\/fespa.es\/news\/index.php\/wp-json\/wp\/v2\/types\/post"}],"author":[{"embeddable":true,"href":"https:\/\/fespa.es\/news\/index.php\/wp-json\/wp\/v2\/users\/1"}],"replies":[{"embeddable":true,"href":"https:\/\/fespa.es\/news\/index.php\/wp-json\/wp\/v2\/comments?post=326"}],"version-history":[{"count":4,"href":"https:\/\/fespa.es\/news\/index.php\/wp-json\/wp\/v2\/posts\/326\/revisions"}],"predecessor-version":[{"id":331,"href":"https:\/\/fespa.es\/news\/index.php\/wp-json\/wp\/v2\/posts\/326\/revisions\/331"}],"wp:featuredmedia":[{"embeddable":true,"href":"https:\/\/fespa.es\/news\/index.php\/wp-json\/wp\/v2\/media\/327"}],"wp:attachment":[{"href":"https:\/\/fespa.es\/news\/index.php\/wp-json\/wp\/v2\/media?parent=326"}],"wp:term":[{"taxonomy":"category","embeddable":true,"href":"https:\/\/fespa.es\/news\/index.php\/wp-json\/wp\/v2\/categories?post=326"},{"taxonomy":"post_tag","embeddable":true,"href":"https:\/\/fespa.es\/news\/index.php\/wp-json\/wp\/v2\/tags?post=326"}],"curies":[{"name":"wp","href":"https:\/\/api.w.org\/{rel}","templated":true}]}}