{"id":277,"date":"2017-05-03T06:16:32","date_gmt":"2017-05-03T06:16:32","guid":{"rendered":"http:\/\/fespa.es\/news\/?p=277"},"modified":"2017-05-22T08:08:44","modified_gmt":"2017-05-22T08:08:44","slug":"el-sector-textil-y-la-decoracion-de-interiores-como-algunas-de-las-areas-de-crecimiento-mas-prometedoras-de-nuestro-sector-a-escala-global","status":"publish","type":"post","link":"https:\/\/fespa.es\/news\/index.php\/2017\/05\/03\/el-sector-textil-y-la-decoracion-de-interiores-como-algunas-de-las-areas-de-crecimiento-mas-prometedoras-de-nuestro-sector-a-escala-global\/","title":{"rendered":"\u201cEl sector textil y la decoraci\u00f3n de interiores como algunas de las \u00e1reas de crecimiento m\u00e1s prometedoras de nuestro sector a escala global\u201d"},"content":{"rendered":"<p>Emma Tuddenham es Associations Manager de Fespa Internacional. En esta entrevista, Emma desglosa los principales proyectos y motivaciones que articulan las actividades y eventos organizados por Fespa Internacional. La ejecutiva de Fespa lo explica fiel a su estilo: con elegancia, cordialidad y de una manera muy did\u00e1ctica.<\/p>\n<p><strong>\u00a0<\/strong><strong>\u00bfCu\u00e1les son las principales funciones de Fespa Internacional como asociaci\u00f3n global de la industria gr\u00e1fica y la comunicaci\u00f3n visual?<\/strong><\/p>\n<p><strong>\u00a0<\/strong>FESPA es un foro \u00fanico para la creaci\u00f3n de redes internacionales y el conocimiento de la impresi\u00f3n. FESPA desarrolla y organiza muestras sobre la impresi\u00f3n de la comunicaci\u00f3n visual \u00a0en todo el mundo, acogiendo a miles de visitantes y expositores. Adem\u00e1s, como parte de su programa de reinversi\u00f3n, FESPA financia una amplia gama de eventos que incluyen los Premios FESPA y la Cumbre Mundial. Los miembros de las 37 asociaciones nacionales de FESPA tienen acceso a una serie de beneficios y servicios \u00fatiles a trav\u00e9s de FESPA, como Global Print Census, the Planet Friendly Summary Guides y las Gu\u00edas T\u00e9cnicas.<\/p>\n<p><strong>\u00bfQu\u00e9 es el Fespa Global Census (Censo Global de Fespa)? \u00bfC\u00f3mo motivar\u00edas a nuestros asociados a participar en \u00e9l?<\/strong><\/p>\n<p>El Censo Global de Impresi\u00f3n de FESPA proporciona las \u00faltimas novedades sobre las tendencias de la industria al pedir a las empresas de impresi\u00f3n de la comunicaci\u00f3n visual de todo el mundo que respondan a la encuesta online. Se tarda s\u00f3lo 15 minutos en completar la encuesta y los resultados est\u00e1n disponibles gratis para los miembros de las Asociaciones de FESPA. Cuantas m\u00e1s respuestas tengamos de diferentes pa\u00edses, m\u00e1s fiables y representativos ser\u00e1n los resultados. Por lo tanto, solicitamos a todos los impresores que se tomen unos minutos para completar la encuesta, que est\u00e1 disponible en espa\u00f1ol y en varios otros idiomas <a href=\"http:\/\/www.fespa.com\/completemycensus\">aqu\u00ed<\/a>.<\/p>\n<p><strong>\u00bfC\u00f3mo fortalece Fespa Internacional a las asociaciones nacionales a las que presta su apoyo y recursos?<\/strong><\/p>\n<p>Nos complace trabajar en estrecha colaboraci\u00f3n con FESPA Espa\u00f1a Asociaci\u00f3n y agradecemos en particular el apoyo del Presidente, Josep Tobela, y del Secretario de la Asociaci\u00f3n, Pablo Serrano, que aportan a la Asociaci\u00f3n una vasta experiencia y conocimientos. FESPA pretende aportar una valiosa aportaci\u00f3n a vuestra organizaci\u00f3n apoyando eventos locales como los programas de premios y congresos nacionales. Nos complace decir que estamos encantados de ofrecer nuestro apoyo a muchas actividades en todo el mundo, tambi\u00e9n en Espa\u00f1a, a lo largo de los a\u00f1os.<\/p>\n<p><strong>\u00bfC\u00f3mo es la situaci\u00f3n de la comunidad de artes gr\u00e1ficas y la comunicaci\u00f3n global a escala global? \u00bfCu\u00e1les son sus principales oportunidades de desarrollo?<\/strong><\/p>\n<p>Nuestra \u00faltima encuesta del Print Census de 2015 desvel\u00f3 que las impresoras estaban informando de un alto nivel de optimismo para el negocio de impresi\u00f3n digital de gran formato en general, as\u00ed como para sus propios negocios. Esta ha sido una tendencia coincidente con anteriores encuestas similares de FESPA desde que comenzaron a realizarse en 2007. En cuanto a las oportunidades de desarrollo, la encuesta identific\u00f3 el sector textil y la decoraci\u00f3n de interiores como algunas de las \u00e1reas de crecimiento m\u00e1s prometedoras.<\/p>\n<p><strong>\u00bfQu\u00e9 representan los Premios Fespa para nuestra industria?<\/strong><\/p>\n<p>Los premios son una manera maravillosa para que todos celebremos la impresi\u00f3n y la gran calidad del trabajo que existe en la industria. Empresas de la impresi\u00f3n de la comunicaci\u00f3n visual en varias categor\u00edas de impresi\u00f3n puede tener su trabajo duro celebrado y reconocido por sus compa\u00f1eros. Tuve la suerte de estar presente en los primeros Premios de FESPA Espa\u00f1a, hace dos a\u00f1os, y pude ver hasta qu\u00e9 punto es importante la contribuci\u00f3n hacia esta actividad que realizan los impresores y la Asociaci\u00f3n en su conjunto de vuestro pa\u00eds. Por cierto, los pr\u00f3ximos FESPA Awards se celebrar\u00e1n en mayo durante el FESPA 2017 Show en Hamburgo.<\/p>\n<p><strong>\u00bfQu\u00e9 funci\u00f3n cumplen las <\/strong><strong>FESPA&#8217;s Planet Friendly Guides (Gu\u00edas Amigables para el planeta de Fespa) par alas empresas de serigraf\u00eda e impression digital?<\/strong><\/p>\n<p>La primera gu\u00eda de FESPA para el planeta fue escrita por Michel Caza, el reconocido experto en serigraf\u00eda. La Gu\u00eda abord\u00f3 los desaf\u00edos que deben afrontar los impresores en su doble prop\u00f3sito de hacer negocios, y realizarlos de una manera que respete el medio ambiente. En la actualidad, hay una serie de gu\u00edas de s\u00edntesis que abarcan diversas \u00e1reas de la sostenibilidad en la industria de la impresi\u00f3n, como la eliminaci\u00f3n de residuos del proceso de impresi\u00f3n. Adem\u00e1s, los miembros de las Asociaciones de FESPA tienen libre acceso a las Gu\u00edas de Resumen.<\/p>\n<p><strong>\u00bfQu\u00e9 nos puedes contar sobre los principales eventos que Fespa va a celebrar en los pr\u00f3ximos meses en todo el mundo?<\/strong><\/p>\n<p>\u00a1El programa de FESPA para 2017 est\u00e1 repleto! Te puedo decir que la Feria FESPA 2017 en Hamburgo, Alemania, reunir\u00e1 a m\u00e1s de 700 expositores con empresas de impresi\u00f3n de la comunicaci\u00f3n visual provenientes de todo el mundo, del 8 al 12 de mayo. Poco despu\u00e9s, los d\u00edas 26 y 27 de junio, las Asociaciones FESPA de Espa\u00f1a, Italia, Francia y Portugal organizan el Congreso de Impresi\u00f3n del Sur de Europa en Lyon, Francia. Los pr\u00f3ximos espect\u00e1culos tendr\u00e1n lugar en \u00c1frica y M\u00e9xico en septiembre, seguidos por Estambul en diciembre y Bangkok en febrero de 2018. La Expo FESPA mundial de impresi\u00f3n regresa a Alemania en mayo de 2018 y 2019, con sendas ferias en Berl\u00edn y Munich.<\/p>\n","protected":false},"excerpt":{"rendered":"<p>Emma Tuddenham es Associations Manager de Fespa Internacional. En esta entrevista, Emma desglosa los principales proyectos y motivaciones que articulan las actividades y eventos organizados por Fespa Internacional. La ejecutiva de Fespa lo explica fiel a su estilo: con elegancia, cordialidad y de una manera muy did\u00e1ctica. \u00a0\u00bfCu\u00e1les son las principales funciones de Fespa Internacional&hellip;<\/p>\n","protected":false},"author":1,"featured_media":278,"comment_status":"open","ping_status":"open","sticky":false,"template":"","format":"standard","meta":{"footnotes":""},"categories":[3,2,9],"tags":[],"class_list":["post-277","post","type-post","status-publish","format-standard","has-post-thumbnail","hentry","category-el-sector","category-entrevistas","category-fespa"],"yoast_head":"<!-- This site is optimized with the Yoast SEO plugin v25.8 - https:\/\/yoast.com\/wordpress\/plugins\/seo\/ -->\n<title>\u201cEl sector textil y la decoraci\u00f3n de interiores como algunas de las \u00e1reas de crecimiento m\u00e1s prometedoras de nuestro sector a escala global\u201d - FESPA Espa\u00f1a Magazine<\/title>\n<meta name=\"robots\" content=\"index, follow, max-snippet:-1, max-image-preview:large, max-video-preview:-1\" \/>\n<link rel=\"canonical\" href=\"https:\/\/fespa.es\/news\/index.php\/2017\/05\/03\/el-sector-textil-y-la-decoracion-de-interiores-como-algunas-de-las-areas-de-crecimiento-mas-prometedoras-de-nuestro-sector-a-escala-global\/\" \/>\n<meta property=\"og:locale\" content=\"es_ES\" \/>\n<meta property=\"og:type\" content=\"article\" \/>\n<meta property=\"og:title\" content=\"\u201cEl sector textil y la decoraci\u00f3n de interiores como algunas de las \u00e1reas de crecimiento m\u00e1s prometedoras de nuestro sector a escala global\u201d - FESPA Espa\u00f1a Magazine\" \/>\n<meta property=\"og:description\" content=\"Emma Tuddenham es Associations Manager de Fespa Internacional. En esta entrevista, Emma desglosa los principales proyectos y motivaciones que articulan las actividades y eventos organizados por Fespa Internacional. La ejecutiva de Fespa lo explica fiel a su estilo: con elegancia, cordialidad y de una manera muy did\u00e1ctica. \u00a0\u00bfCu\u00e1les son las principales funciones de Fespa Internacional&hellip;\" \/>\n<meta property=\"og:url\" content=\"https:\/\/fespa.es\/news\/index.php\/2017\/05\/03\/el-sector-textil-y-la-decoracion-de-interiores-como-algunas-de-las-areas-de-crecimiento-mas-prometedoras-de-nuestro-sector-a-escala-global\/\" \/>\n<meta property=\"og:site_name\" content=\"FESPA Espa\u00f1a Magazine\" \/>\n<meta property=\"article:published_time\" content=\"2017-05-03T06:16:32+00:00\" \/>\n<meta property=\"article:modified_time\" content=\"2017-05-22T08:08:44+00:00\" \/>\n<meta property=\"og:image\" content=\"https:\/\/fespa.es\/news\/wp-content\/uploads\/2017\/05\/OWMS1a6g.jpg\" \/>\n\t<meta property=\"og:image:width\" content=\"1252\" \/>\n\t<meta property=\"og:image:height\" content=\"1252\" \/>\n\t<meta property=\"og:image:type\" content=\"image\/jpeg\" \/>\n<meta name=\"author\" content=\"admin\" \/>\n<meta name=\"twitter:card\" content=\"summary_large_image\" \/>\n<meta name=\"twitter:label1\" content=\"Escrito por\" \/>\n\t<meta name=\"twitter:data1\" content=\"admin\" \/>\n\t<meta name=\"twitter:label2\" content=\"Tiempo de lectura\" \/>\n\t<meta name=\"twitter:data2\" content=\"5 minutos\" \/>\n<script type=\"application\/ld+json\" class=\"yoast-schema-graph\">{\"@context\":\"https:\/\/schema.org\",\"@graph\":[{\"@type\":\"WebPage\",\"@id\":\"https:\/\/fespa.es\/news\/index.php\/2017\/05\/03\/el-sector-textil-y-la-decoracion-de-interiores-como-algunas-de-las-areas-de-crecimiento-mas-prometedoras-de-nuestro-sector-a-escala-global\/\",\"url\":\"https:\/\/fespa.es\/news\/index.php\/2017\/05\/03\/el-sector-textil-y-la-decoracion-de-interiores-como-algunas-de-las-areas-de-crecimiento-mas-prometedoras-de-nuestro-sector-a-escala-global\/\",\"name\":\"\u201cEl sector textil y la decoraci\u00f3n de interiores como algunas de las \u00e1reas de crecimiento m\u00e1s prometedoras de nuestro sector a escala global\u201d - FESPA Espa\u00f1a Magazine\",\"isPartOf\":{\"@id\":\"https:\/\/fespa.es\/news\/#website\"},\"primaryImageOfPage\":{\"@id\":\"https:\/\/fespa.es\/news\/index.php\/2017\/05\/03\/el-sector-textil-y-la-decoracion-de-interiores-como-algunas-de-las-areas-de-crecimiento-mas-prometedoras-de-nuestro-sector-a-escala-global\/#primaryimage\"},\"image\":{\"@id\":\"https:\/\/fespa.es\/news\/index.php\/2017\/05\/03\/el-sector-textil-y-la-decoracion-de-interiores-como-algunas-de-las-areas-de-crecimiento-mas-prometedoras-de-nuestro-sector-a-escala-global\/#primaryimage\"},\"thumbnailUrl\":\"https:\/\/fespa.es\/news\/wp-content\/uploads\/2017\/05\/OWMS1a6g.jpg\",\"datePublished\":\"2017-05-03T06:16:32+00:00\",\"dateModified\":\"2017-05-22T08:08:44+00:00\",\"author\":{\"@id\":\"https:\/\/fespa.es\/news\/#\/schema\/person\/0019098322836346476fc7dfdbd26d95\"},\"breadcrumb\":{\"@id\":\"https:\/\/fespa.es\/news\/index.php\/2017\/05\/03\/el-sector-textil-y-la-decoracion-de-interiores-como-algunas-de-las-areas-de-crecimiento-mas-prometedoras-de-nuestro-sector-a-escala-global\/#breadcrumb\"},\"inLanguage\":\"es\",\"potentialAction\":[{\"@type\":\"ReadAction\",\"target\":[\"https:\/\/fespa.es\/news\/index.php\/2017\/05\/03\/el-sector-textil-y-la-decoracion-de-interiores-como-algunas-de-las-areas-de-crecimiento-mas-prometedoras-de-nuestro-sector-a-escala-global\/\"]}]},{\"@type\":\"ImageObject\",\"inLanguage\":\"es\",\"@id\":\"https:\/\/fespa.es\/news\/index.php\/2017\/05\/03\/el-sector-textil-y-la-decoracion-de-interiores-como-algunas-de-las-areas-de-crecimiento-mas-prometedoras-de-nuestro-sector-a-escala-global\/#primaryimage\",\"url\":\"https:\/\/fespa.es\/news\/wp-content\/uploads\/2017\/05\/OWMS1a6g.jpg\",\"contentUrl\":\"https:\/\/fespa.es\/news\/wp-content\/uploads\/2017\/05\/OWMS1a6g.jpg\",\"width\":1252,\"height\":1252},{\"@type\":\"BreadcrumbList\",\"@id\":\"https:\/\/fespa.es\/news\/index.php\/2017\/05\/03\/el-sector-textil-y-la-decoracion-de-interiores-como-algunas-de-las-areas-de-crecimiento-mas-prometedoras-de-nuestro-sector-a-escala-global\/#breadcrumb\",\"itemListElement\":[{\"@type\":\"ListItem\",\"position\":1,\"name\":\"Portada\",\"item\":\"https:\/\/fespa.es\/news\/\"},{\"@type\":\"ListItem\",\"position\":2,\"name\":\"\u201cEl sector textil y la decoraci\u00f3n de interiores como algunas de las \u00e1reas de crecimiento m\u00e1s prometedoras de nuestro sector a escala global\u201d\"}]},{\"@type\":\"WebSite\",\"@id\":\"https:\/\/fespa.es\/news\/#website\",\"url\":\"https:\/\/fespa.es\/news\/\",\"name\":\"FESPA Espa\u00f1a Magazine\",\"description\":\"El Peri\u00f3dico de la industria de la comunicaci\u00f3n visual\",\"potentialAction\":[{\"@type\":\"SearchAction\",\"target\":{\"@type\":\"EntryPoint\",\"urlTemplate\":\"https:\/\/fespa.es\/news\/?s={search_term_string}\"},\"query-input\":{\"@type\":\"PropertyValueSpecification\",\"valueRequired\":true,\"valueName\":\"search_term_string\"}}],\"inLanguage\":\"es\"},{\"@type\":\"Person\",\"@id\":\"https:\/\/fespa.es\/news\/#\/schema\/person\/0019098322836346476fc7dfdbd26d95\",\"name\":\"admin\",\"image\":{\"@type\":\"ImageObject\",\"inLanguage\":\"es\",\"@id\":\"https:\/\/fespa.es\/news\/#\/schema\/person\/image\/\",\"url\":\"https:\/\/secure.gravatar.com\/avatar\/6a6c60542c39a2d052b8b1e8c5145e669bf888b9b229b3da0e43092daac8a32e?s=96&d=mm&r=g\",\"contentUrl\":\"https:\/\/secure.gravatar.com\/avatar\/6a6c60542c39a2d052b8b1e8c5145e669bf888b9b229b3da0e43092daac8a32e?s=96&d=mm&r=g\",\"caption\":\"admin\"},\"url\":\"https:\/\/fespa.es\/news\/index.php\/author\/admin\/\"}]}<\/script>\n<!-- \/ Yoast SEO plugin. -->","yoast_head_json":{"title":"\u201cEl sector textil y la decoraci\u00f3n de interiores como algunas de las \u00e1reas de crecimiento m\u00e1s prometedoras de nuestro sector a escala global\u201d - FESPA Espa\u00f1a Magazine","robots":{"index":"index","follow":"follow","max-snippet":"max-snippet:-1","max-image-preview":"max-image-preview:large","max-video-preview":"max-video-preview:-1"},"canonical":"https:\/\/fespa.es\/news\/index.php\/2017\/05\/03\/el-sector-textil-y-la-decoracion-de-interiores-como-algunas-de-las-areas-de-crecimiento-mas-prometedoras-de-nuestro-sector-a-escala-global\/","og_locale":"es_ES","og_type":"article","og_title":"\u201cEl sector textil y la decoraci\u00f3n de interiores como algunas de las \u00e1reas de crecimiento m\u00e1s prometedoras de nuestro sector a escala global\u201d - FESPA Espa\u00f1a Magazine","og_description":"Emma Tuddenham es Associations Manager de Fespa Internacional. En esta entrevista, Emma desglosa los principales proyectos y motivaciones que articulan las actividades y eventos organizados por Fespa Internacional. La ejecutiva de Fespa lo explica fiel a su estilo: con elegancia, cordialidad y de una manera muy did\u00e1ctica. \u00a0\u00bfCu\u00e1les son las principales funciones de Fespa Internacional&hellip;","og_url":"https:\/\/fespa.es\/news\/index.php\/2017\/05\/03\/el-sector-textil-y-la-decoracion-de-interiores-como-algunas-de-las-areas-de-crecimiento-mas-prometedoras-de-nuestro-sector-a-escala-global\/","og_site_name":"FESPA Espa\u00f1a Magazine","article_published_time":"2017-05-03T06:16:32+00:00","article_modified_time":"2017-05-22T08:08:44+00:00","og_image":[{"width":1252,"height":1252,"url":"https:\/\/fespa.es\/news\/wp-content\/uploads\/2017\/05\/OWMS1a6g.jpg","type":"image\/jpeg"}],"author":"admin","twitter_card":"summary_large_image","twitter_misc":{"Escrito por":"admin","Tiempo de lectura":"5 minutos"},"schema":{"@context":"https:\/\/schema.org","@graph":[{"@type":"WebPage","@id":"https:\/\/fespa.es\/news\/index.php\/2017\/05\/03\/el-sector-textil-y-la-decoracion-de-interiores-como-algunas-de-las-areas-de-crecimiento-mas-prometedoras-de-nuestro-sector-a-escala-global\/","url":"https:\/\/fespa.es\/news\/index.php\/2017\/05\/03\/el-sector-textil-y-la-decoracion-de-interiores-como-algunas-de-las-areas-de-crecimiento-mas-prometedoras-de-nuestro-sector-a-escala-global\/","name":"\u201cEl sector textil y la decoraci\u00f3n de interiores como algunas de las \u00e1reas de crecimiento m\u00e1s prometedoras de nuestro sector a escala global\u201d - FESPA Espa\u00f1a Magazine","isPartOf":{"@id":"https:\/\/fespa.es\/news\/#website"},"primaryImageOfPage":{"@id":"https:\/\/fespa.es\/news\/index.php\/2017\/05\/03\/el-sector-textil-y-la-decoracion-de-interiores-como-algunas-de-las-areas-de-crecimiento-mas-prometedoras-de-nuestro-sector-a-escala-global\/#primaryimage"},"image":{"@id":"https:\/\/fespa.es\/news\/index.php\/2017\/05\/03\/el-sector-textil-y-la-decoracion-de-interiores-como-algunas-de-las-areas-de-crecimiento-mas-prometedoras-de-nuestro-sector-a-escala-global\/#primaryimage"},"thumbnailUrl":"https:\/\/fespa.es\/news\/wp-content\/uploads\/2017\/05\/OWMS1a6g.jpg","datePublished":"2017-05-03T06:16:32+00:00","dateModified":"2017-05-22T08:08:44+00:00","author":{"@id":"https:\/\/fespa.es\/news\/#\/schema\/person\/0019098322836346476fc7dfdbd26d95"},"breadcrumb":{"@id":"https:\/\/fespa.es\/news\/index.php\/2017\/05\/03\/el-sector-textil-y-la-decoracion-de-interiores-como-algunas-de-las-areas-de-crecimiento-mas-prometedoras-de-nuestro-sector-a-escala-global\/#breadcrumb"},"inLanguage":"es","potentialAction":[{"@type":"ReadAction","target":["https:\/\/fespa.es\/news\/index.php\/2017\/05\/03\/el-sector-textil-y-la-decoracion-de-interiores-como-algunas-de-las-areas-de-crecimiento-mas-prometedoras-de-nuestro-sector-a-escala-global\/"]}]},{"@type":"ImageObject","inLanguage":"es","@id":"https:\/\/fespa.es\/news\/index.php\/2017\/05\/03\/el-sector-textil-y-la-decoracion-de-interiores-como-algunas-de-las-areas-de-crecimiento-mas-prometedoras-de-nuestro-sector-a-escala-global\/#primaryimage","url":"https:\/\/fespa.es\/news\/wp-content\/uploads\/2017\/05\/OWMS1a6g.jpg","contentUrl":"https:\/\/fespa.es\/news\/wp-content\/uploads\/2017\/05\/OWMS1a6g.jpg","width":1252,"height":1252},{"@type":"BreadcrumbList","@id":"https:\/\/fespa.es\/news\/index.php\/2017\/05\/03\/el-sector-textil-y-la-decoracion-de-interiores-como-algunas-de-las-areas-de-crecimiento-mas-prometedoras-de-nuestro-sector-a-escala-global\/#breadcrumb","itemListElement":[{"@type":"ListItem","position":1,"name":"Portada","item":"https:\/\/fespa.es\/news\/"},{"@type":"ListItem","position":2,"name":"\u201cEl sector textil y la decoraci\u00f3n de interiores como algunas de las \u00e1reas de crecimiento m\u00e1s prometedoras de nuestro sector a escala global\u201d"}]},{"@type":"WebSite","@id":"https:\/\/fespa.es\/news\/#website","url":"https:\/\/fespa.es\/news\/","name":"FESPA Espa\u00f1a Magazine","description":"El Peri\u00f3dico de la industria de la comunicaci\u00f3n visual","potentialAction":[{"@type":"SearchAction","target":{"@type":"EntryPoint","urlTemplate":"https:\/\/fespa.es\/news\/?s={search_term_string}"},"query-input":{"@type":"PropertyValueSpecification","valueRequired":true,"valueName":"search_term_string"}}],"inLanguage":"es"},{"@type":"Person","@id":"https:\/\/fespa.es\/news\/#\/schema\/person\/0019098322836346476fc7dfdbd26d95","name":"admin","image":{"@type":"ImageObject","inLanguage":"es","@id":"https:\/\/fespa.es\/news\/#\/schema\/person\/image\/","url":"https:\/\/secure.gravatar.com\/avatar\/6a6c60542c39a2d052b8b1e8c5145e669bf888b9b229b3da0e43092daac8a32e?s=96&d=mm&r=g","contentUrl":"https:\/\/secure.gravatar.com\/avatar\/6a6c60542c39a2d052b8b1e8c5145e669bf888b9b229b3da0e43092daac8a32e?s=96&d=mm&r=g","caption":"admin"},"url":"https:\/\/fespa.es\/news\/index.php\/author\/admin\/"}]}},"_links":{"self":[{"href":"https:\/\/fespa.es\/news\/index.php\/wp-json\/wp\/v2\/posts\/277","targetHints":{"allow":["GET"]}}],"collection":[{"href":"https:\/\/fespa.es\/news\/index.php\/wp-json\/wp\/v2\/posts"}],"about":[{"href":"https:\/\/fespa.es\/news\/index.php\/wp-json\/wp\/v2\/types\/post"}],"author":[{"embeddable":true,"href":"https:\/\/fespa.es\/news\/index.php\/wp-json\/wp\/v2\/users\/1"}],"replies":[{"embeddable":true,"href":"https:\/\/fespa.es\/news\/index.php\/wp-json\/wp\/v2\/comments?post=277"}],"version-history":[{"count":1,"href":"https:\/\/fespa.es\/news\/index.php\/wp-json\/wp\/v2\/posts\/277\/revisions"}],"predecessor-version":[{"id":279,"href":"https:\/\/fespa.es\/news\/index.php\/wp-json\/wp\/v2\/posts\/277\/revisions\/279"}],"wp:featuredmedia":[{"embeddable":true,"href":"https:\/\/fespa.es\/news\/index.php\/wp-json\/wp\/v2\/media\/278"}],"wp:attachment":[{"href":"https:\/\/fespa.es\/news\/index.php\/wp-json\/wp\/v2\/media?parent=277"}],"wp:term":[{"taxonomy":"category","embeddable":true,"href":"https:\/\/fespa.es\/news\/index.php\/wp-json\/wp\/v2\/categories?post=277"},{"taxonomy":"post_tag","embeddable":true,"href":"https:\/\/fespa.es\/news\/index.php\/wp-json\/wp\/v2\/tags?post=277"}],"curies":[{"name":"wp","href":"https:\/\/api.w.org\/{rel}","templated":true}]}}