{"id":272,"date":"2017-04-21T11:13:50","date_gmt":"2017-04-21T11:13:50","guid":{"rendered":"http:\/\/fespa.es\/news\/?p=272"},"modified":"2017-05-26T10:35:15","modified_gmt":"2017-05-26T10:35:15","slug":"los-clientes-que-buscan-soluciones-de-decoracion-interior-se-encuentran-en-una-posicion-de-mercado-donde-el-valor-agregado-y-las-soluciones-son-mas-importantes-que-los-precios","status":"publish","type":"post","link":"https:\/\/fespa.es\/news\/index.php\/2017\/04\/21\/los-clientes-que-buscan-soluciones-de-decoracion-interior-se-encuentran-en-una-posicion-de-mercado-donde-el-valor-agregado-y-las-soluciones-son-mas-importantes-que-los-precios\/","title":{"rendered":"\u00abEn la decoraci\u00f3n interior, el valor agregado y las soluciones son m\u00e1s importantes que los precios\u00bb"},"content":{"rendered":"<p>Jes\u00fas Dur\u00e1 es el CEO de VinylColor Digital; o lo que es lo mismo, su Director General. Hablamos de una empresa que sobresale por su capacidad para adecuarse a las necesidades que requiere al cliente, adem\u00e1s de por su variedad de registros productivos. Dur\u00e1 es, as\u00ed mismo, un habitual de los eventos organizados por Fespa Internacional y Fespa Espa\u00f1a, en los que se significa por su cordialidad y trato afable. En esta entrevista, el CEO de VinyColor Digital radiograf\u00eda las principales tendencias de nuestro sector.<\/p>\n<p><strong>Comencemos con una definici\u00f3n; compl\u00e9tela por favor. La decoraci\u00f3n del producto es &#8230; \u00bfQu\u00e9 diferencia hay entre \u00abdecoraci\u00f3n\u00bb y \u00abimpresi\u00f3n\u00bb?<\/strong><\/p>\n<p>La decoraci\u00f3n del producto es un concepto que agrega valor al cliente. No se trata de una simple impresi\u00f3n en un material espec\u00edfico que terminar\u00e1 en un soporte. Se trata de entender las necesidades completas del cliente donde la impresi\u00f3n no es el objeto final, sino una contribuci\u00f3n adicional para satisfacer las necesidades del cliente.<\/p>\n<p><strong>\u00bfCu\u00e1les son los principales desaf\u00edos que debe afrontar una empresa de impresi\u00f3n de la comunicaci\u00f3n visual que opera en el campo de la decoraci\u00f3n de productos debe afrontar hoy?<\/strong><\/p>\n<p>Creo que tenemos que trabajar en una direcci\u00f3n de dos v\u00edas. Por un lado, el producto, las opciones, las posibilidades. Tienes que conocerlos y ser conscientes de la constante evoluci\u00f3n, tanto en las t\u00e9cnicas de impresi\u00f3n como en los materiales. Y usted tiene que saber c\u00f3mo comunicarlo al cliente. Este es el segundo desaf\u00edo; usted tiene que comunicar al cliente todo el potencial que somos capaces de lograr y proporcion\u00e1rselo a ellos, que por lo general es m\u00e1s de lo que piensan.<\/p>\n<p><strong>Por supuesto, la \u00abdecoraci\u00f3n\u00bb da al objeto valor a\u00f1adido. Mirando a su cliente, \u00bfest\u00e1n m\u00e1s inclinados a optar por una mayor calidad, aunque mayor costo, o siguen pensando en el costo como el primer criterio de elecci\u00f3n?<\/strong><\/p>\n<p>Indiscutiblemente, los clientes que buscan soluciones de decoraci\u00f3n interior se encuentran en una posici\u00f3n de mercado donde el valor agregado y las soluciones son m\u00e1s importantes que los precios. Pero, como siempre, esto no significa que tengamos que multiplicar el margen por encima de sus l\u00edmites. El cliente aprecia esto: una soluci\u00f3n global con un proveedor, productos de calidad y plazos de entrega. Todo esto, es m\u00e1s importante que el precio, al menos hasta ahora.<\/p>\n<p><strong>Impresi\u00f3n de la pantalla frente a la impresi\u00f3n digital: \u00bfse integran ambas tecnolog\u00edas o van juntas en la decoraci\u00f3n del producto? Seg\u00fan su experiencia, \u00bfcu\u00e1les son las aplicaciones que contin\u00faan requiriendo la impresi\u00f3n serigr\u00e1fica o la impresi\u00f3n convencional y cu\u00e1les son las aplicaciones que requieren la impresi\u00f3n digital en su lugar?<\/strong><\/p>\n<p>Vinylcolor naci\u00f3 hace m\u00e1s de veinte a\u00f1os, como una empresa de impresi\u00f3n digital de gran formato. Somos conscientes de que tenemos que crear v\u00ednculos con otros agentes del sector. Las impresoras de pantalla ofrecen integraci\u00f3n en materiales, colores y soluciones de efectos que la impresi\u00f3n digital dif\u00edcilmente puede lograr. Adem\u00e1s, la velocidad, las diferentes opciones en los materiales y la impresi\u00f3n corta en el sector digital son esenciales para proyectos personalizados.<\/p>\n<p>Desde nuestros comienzos, estamos inclinados a a\u00f1adir, no a excluir. El cliente merece una soluci\u00f3n global que s\u00f3lo es posible si tenemos acuerdos con otras empresas complementarias del sector.<\/p>\n<p>Esta colaboraci\u00f3n no solo tiene que incluir diversas t\u00e9cnicas. Debemos avanzar en la colaboraci\u00f3n internacional. En un mundo globalizado, donde los clientes tienen necesidades diferentes en diferentes lugares, es necesario y casi esencial proporcionar un valor a\u00f1adido. Y esto puede lograrse mediante la colaboraci\u00f3n entre diferentes empresas de diferentes pa\u00edses.<\/p>\n<p><strong>-Foco en la impresi\u00f3n digital, \u00bfcu\u00e1les son las tecnolog\u00edas de impresi\u00f3n digital, principalmente en uso en la decoraci\u00f3n del producto? En su opini\u00f3n, \u00bfqu\u00e9 tecnolog\u00eda de impresi\u00f3n digital tiene el mayor potencial de crecimiento en la decoraci\u00f3n del producto?<\/strong><\/p>\n<p>Como una tecnolog\u00eda es, sin duda, que la impresi\u00f3n directa y textiles han ampliado sus soluciones. Tambi\u00e9n tenemos que a\u00f1adir y aumentar en la gama de productos ofrecidos por los proveedores.<\/p>\n<p>Hablando de decoraci\u00f3n, es claro que cubre diferentes tecnolog\u00edas, pero considero que la del textil ser\u00e1 la de mayor crecimiento ya que las otras se consolidar\u00e1n en otros nichos de mercado.<\/p>\n<p>&nbsp;<\/p>\n","protected":false},"excerpt":{"rendered":"<p>Jes\u00fas Dur\u00e1 es el CEO de VinylColor Digital; o lo que es lo mismo, su Director General. Hablamos de una empresa que sobresale por su capacidad para adecuarse a las necesidades que requiere al cliente, adem\u00e1s de por su variedad de registros productivos. Dur\u00e1 es, as\u00ed mismo, un habitual de los eventos organizados por Fespa&hellip;<\/p>\n","protected":false},"author":1,"featured_media":273,"comment_status":"open","ping_status":"open","sticky":false,"template":"","format":"standard","meta":{"footnotes":""},"categories":[13,3],"tags":[],"class_list":["post-272","post","type-post","status-publish","format-standard","has-post-thumbnail","hentry","category-asociados","category-el-sector"],"yoast_head":"<!-- This site is optimized with the Yoast SEO plugin v25.8 - https:\/\/yoast.com\/wordpress\/plugins\/seo\/ -->\n<title>&quot;En la decoraci\u00f3n interior, el valor agregado y las soluciones son m\u00e1s importantes que los precios&quot; - FESPA Espa\u00f1a Magazine<\/title>\n<meta name=\"robots\" content=\"index, follow, max-snippet:-1, max-image-preview:large, max-video-preview:-1\" \/>\n<link rel=\"canonical\" href=\"https:\/\/fespa.es\/news\/index.php\/2017\/04\/21\/los-clientes-que-buscan-soluciones-de-decoracion-interior-se-encuentran-en-una-posicion-de-mercado-donde-el-valor-agregado-y-las-soluciones-son-mas-importantes-que-los-precios\/\" \/>\n<meta property=\"og:locale\" content=\"es_ES\" \/>\n<meta property=\"og:type\" content=\"article\" \/>\n<meta property=\"og:title\" content=\"&quot;En la decoraci\u00f3n interior, el valor agregado y las soluciones son m\u00e1s importantes que los precios&quot; - FESPA Espa\u00f1a Magazine\" \/>\n<meta property=\"og:description\" content=\"Jes\u00fas Dur\u00e1 es el CEO de VinylColor Digital; o lo que es lo mismo, su Director General. Hablamos de una empresa que sobresale por su capacidad para adecuarse a las necesidades que requiere al cliente, adem\u00e1s de por su variedad de registros productivos. Dur\u00e1 es, as\u00ed mismo, un habitual de los eventos organizados por Fespa&hellip;\" \/>\n<meta property=\"og:url\" content=\"https:\/\/fespa.es\/news\/index.php\/2017\/04\/21\/los-clientes-que-buscan-soluciones-de-decoracion-interior-se-encuentran-en-una-posicion-de-mercado-donde-el-valor-agregado-y-las-soluciones-son-mas-importantes-que-los-precios\/\" \/>\n<meta property=\"og:site_name\" content=\"FESPA Espa\u00f1a Magazine\" \/>\n<meta property=\"article:published_time\" content=\"2017-04-21T11:13:50+00:00\" \/>\n<meta property=\"article:modified_time\" content=\"2017-05-26T10:35:15+00:00\" \/>\n<meta property=\"og:image\" content=\"https:\/\/fespa.es\/news\/wp-content\/uploads\/2017\/04\/1040692.jpeg\" \/>\n\t<meta property=\"og:image:width\" content=\"300\" \/>\n\t<meta property=\"og:image:height\" content=\"450\" \/>\n\t<meta property=\"og:image:type\" content=\"image\/jpeg\" \/>\n<meta name=\"author\" content=\"admin\" \/>\n<meta name=\"twitter:card\" content=\"summary_large_image\" \/>\n<meta name=\"twitter:label1\" content=\"Escrito por\" \/>\n\t<meta name=\"twitter:data1\" content=\"admin\" \/>\n\t<meta name=\"twitter:label2\" content=\"Tiempo de lectura\" \/>\n\t<meta name=\"twitter:data2\" content=\"4 minutos\" \/>\n<script type=\"application\/ld+json\" class=\"yoast-schema-graph\">{\"@context\":\"https:\/\/schema.org\",\"@graph\":[{\"@type\":\"WebPage\",\"@id\":\"https:\/\/fespa.es\/news\/index.php\/2017\/04\/21\/los-clientes-que-buscan-soluciones-de-decoracion-interior-se-encuentran-en-una-posicion-de-mercado-donde-el-valor-agregado-y-las-soluciones-son-mas-importantes-que-los-precios\/\",\"url\":\"https:\/\/fespa.es\/news\/index.php\/2017\/04\/21\/los-clientes-que-buscan-soluciones-de-decoracion-interior-se-encuentran-en-una-posicion-de-mercado-donde-el-valor-agregado-y-las-soluciones-son-mas-importantes-que-los-precios\/\",\"name\":\"\\\"En la decoraci\u00f3n interior, el valor agregado y las soluciones son m\u00e1s importantes que los precios\\\" - FESPA Espa\u00f1a Magazine\",\"isPartOf\":{\"@id\":\"https:\/\/fespa.es\/news\/#website\"},\"primaryImageOfPage\":{\"@id\":\"https:\/\/fespa.es\/news\/index.php\/2017\/04\/21\/los-clientes-que-buscan-soluciones-de-decoracion-interior-se-encuentran-en-una-posicion-de-mercado-donde-el-valor-agregado-y-las-soluciones-son-mas-importantes-que-los-precios\/#primaryimage\"},\"image\":{\"@id\":\"https:\/\/fespa.es\/news\/index.php\/2017\/04\/21\/los-clientes-que-buscan-soluciones-de-decoracion-interior-se-encuentran-en-una-posicion-de-mercado-donde-el-valor-agregado-y-las-soluciones-son-mas-importantes-que-los-precios\/#primaryimage\"},\"thumbnailUrl\":\"https:\/\/fespa.es\/news\/wp-content\/uploads\/2017\/04\/1040692.jpeg\",\"datePublished\":\"2017-04-21T11:13:50+00:00\",\"dateModified\":\"2017-05-26T10:35:15+00:00\",\"author\":{\"@id\":\"https:\/\/fespa.es\/news\/#\/schema\/person\/0019098322836346476fc7dfdbd26d95\"},\"breadcrumb\":{\"@id\":\"https:\/\/fespa.es\/news\/index.php\/2017\/04\/21\/los-clientes-que-buscan-soluciones-de-decoracion-interior-se-encuentran-en-una-posicion-de-mercado-donde-el-valor-agregado-y-las-soluciones-son-mas-importantes-que-los-precios\/#breadcrumb\"},\"inLanguage\":\"es\",\"potentialAction\":[{\"@type\":\"ReadAction\",\"target\":[\"https:\/\/fespa.es\/news\/index.php\/2017\/04\/21\/los-clientes-que-buscan-soluciones-de-decoracion-interior-se-encuentran-en-una-posicion-de-mercado-donde-el-valor-agregado-y-las-soluciones-son-mas-importantes-que-los-precios\/\"]}]},{\"@type\":\"ImageObject\",\"inLanguage\":\"es\",\"@id\":\"https:\/\/fespa.es\/news\/index.php\/2017\/04\/21\/los-clientes-que-buscan-soluciones-de-decoracion-interior-se-encuentran-en-una-posicion-de-mercado-donde-el-valor-agregado-y-las-soluciones-son-mas-importantes-que-los-precios\/#primaryimage\",\"url\":\"https:\/\/fespa.es\/news\/wp-content\/uploads\/2017\/04\/1040692.jpeg\",\"contentUrl\":\"https:\/\/fespa.es\/news\/wp-content\/uploads\/2017\/04\/1040692.jpeg\",\"width\":300,\"height\":450},{\"@type\":\"BreadcrumbList\",\"@id\":\"https:\/\/fespa.es\/news\/index.php\/2017\/04\/21\/los-clientes-que-buscan-soluciones-de-decoracion-interior-se-encuentran-en-una-posicion-de-mercado-donde-el-valor-agregado-y-las-soluciones-son-mas-importantes-que-los-precios\/#breadcrumb\",\"itemListElement\":[{\"@type\":\"ListItem\",\"position\":1,\"name\":\"Portada\",\"item\":\"https:\/\/fespa.es\/news\/\"},{\"@type\":\"ListItem\",\"position\":2,\"name\":\"\u00abEn la decoraci\u00f3n interior, el valor agregado y las soluciones son m\u00e1s importantes que los precios\u00bb\"}]},{\"@type\":\"WebSite\",\"@id\":\"https:\/\/fespa.es\/news\/#website\",\"url\":\"https:\/\/fespa.es\/news\/\",\"name\":\"FESPA Espa\u00f1a Magazine\",\"description\":\"El Peri\u00f3dico de la industria de la comunicaci\u00f3n visual\",\"potentialAction\":[{\"@type\":\"SearchAction\",\"target\":{\"@type\":\"EntryPoint\",\"urlTemplate\":\"https:\/\/fespa.es\/news\/?s={search_term_string}\"},\"query-input\":{\"@type\":\"PropertyValueSpecification\",\"valueRequired\":true,\"valueName\":\"search_term_string\"}}],\"inLanguage\":\"es\"},{\"@type\":\"Person\",\"@id\":\"https:\/\/fespa.es\/news\/#\/schema\/person\/0019098322836346476fc7dfdbd26d95\",\"name\":\"admin\",\"image\":{\"@type\":\"ImageObject\",\"inLanguage\":\"es\",\"@id\":\"https:\/\/fespa.es\/news\/#\/schema\/person\/image\/\",\"url\":\"https:\/\/secure.gravatar.com\/avatar\/6a6c60542c39a2d052b8b1e8c5145e669bf888b9b229b3da0e43092daac8a32e?s=96&d=mm&r=g\",\"contentUrl\":\"https:\/\/secure.gravatar.com\/avatar\/6a6c60542c39a2d052b8b1e8c5145e669bf888b9b229b3da0e43092daac8a32e?s=96&d=mm&r=g\",\"caption\":\"admin\"},\"url\":\"https:\/\/fespa.es\/news\/index.php\/author\/admin\/\"}]}<\/script>\n<!-- \/ Yoast SEO plugin. -->","yoast_head_json":{"title":"\"En la decoraci\u00f3n interior, el valor agregado y las soluciones son m\u00e1s importantes que los precios\" - FESPA Espa\u00f1a Magazine","robots":{"index":"index","follow":"follow","max-snippet":"max-snippet:-1","max-image-preview":"max-image-preview:large","max-video-preview":"max-video-preview:-1"},"canonical":"https:\/\/fespa.es\/news\/index.php\/2017\/04\/21\/los-clientes-que-buscan-soluciones-de-decoracion-interior-se-encuentran-en-una-posicion-de-mercado-donde-el-valor-agregado-y-las-soluciones-son-mas-importantes-que-los-precios\/","og_locale":"es_ES","og_type":"article","og_title":"\"En la decoraci\u00f3n interior, el valor agregado y las soluciones son m\u00e1s importantes que los precios\" - FESPA Espa\u00f1a Magazine","og_description":"Jes\u00fas Dur\u00e1 es el CEO de VinylColor Digital; o lo que es lo mismo, su Director General. Hablamos de una empresa que sobresale por su capacidad para adecuarse a las necesidades que requiere al cliente, adem\u00e1s de por su variedad de registros productivos. Dur\u00e1 es, as\u00ed mismo, un habitual de los eventos organizados por Fespa&hellip;","og_url":"https:\/\/fespa.es\/news\/index.php\/2017\/04\/21\/los-clientes-que-buscan-soluciones-de-decoracion-interior-se-encuentran-en-una-posicion-de-mercado-donde-el-valor-agregado-y-las-soluciones-son-mas-importantes-que-los-precios\/","og_site_name":"FESPA Espa\u00f1a Magazine","article_published_time":"2017-04-21T11:13:50+00:00","article_modified_time":"2017-05-26T10:35:15+00:00","og_image":[{"width":300,"height":450,"url":"https:\/\/fespa.es\/news\/wp-content\/uploads\/2017\/04\/1040692.jpeg","type":"image\/jpeg"}],"author":"admin","twitter_card":"summary_large_image","twitter_misc":{"Escrito por":"admin","Tiempo de lectura":"4 minutos"},"schema":{"@context":"https:\/\/schema.org","@graph":[{"@type":"WebPage","@id":"https:\/\/fespa.es\/news\/index.php\/2017\/04\/21\/los-clientes-que-buscan-soluciones-de-decoracion-interior-se-encuentran-en-una-posicion-de-mercado-donde-el-valor-agregado-y-las-soluciones-son-mas-importantes-que-los-precios\/","url":"https:\/\/fespa.es\/news\/index.php\/2017\/04\/21\/los-clientes-que-buscan-soluciones-de-decoracion-interior-se-encuentran-en-una-posicion-de-mercado-donde-el-valor-agregado-y-las-soluciones-son-mas-importantes-que-los-precios\/","name":"\"En la decoraci\u00f3n interior, el valor agregado y las soluciones son m\u00e1s importantes que los precios\" - FESPA Espa\u00f1a Magazine","isPartOf":{"@id":"https:\/\/fespa.es\/news\/#website"},"primaryImageOfPage":{"@id":"https:\/\/fespa.es\/news\/index.php\/2017\/04\/21\/los-clientes-que-buscan-soluciones-de-decoracion-interior-se-encuentran-en-una-posicion-de-mercado-donde-el-valor-agregado-y-las-soluciones-son-mas-importantes-que-los-precios\/#primaryimage"},"image":{"@id":"https:\/\/fespa.es\/news\/index.php\/2017\/04\/21\/los-clientes-que-buscan-soluciones-de-decoracion-interior-se-encuentran-en-una-posicion-de-mercado-donde-el-valor-agregado-y-las-soluciones-son-mas-importantes-que-los-precios\/#primaryimage"},"thumbnailUrl":"https:\/\/fespa.es\/news\/wp-content\/uploads\/2017\/04\/1040692.jpeg","datePublished":"2017-04-21T11:13:50+00:00","dateModified":"2017-05-26T10:35:15+00:00","author":{"@id":"https:\/\/fespa.es\/news\/#\/schema\/person\/0019098322836346476fc7dfdbd26d95"},"breadcrumb":{"@id":"https:\/\/fespa.es\/news\/index.php\/2017\/04\/21\/los-clientes-que-buscan-soluciones-de-decoracion-interior-se-encuentran-en-una-posicion-de-mercado-donde-el-valor-agregado-y-las-soluciones-son-mas-importantes-que-los-precios\/#breadcrumb"},"inLanguage":"es","potentialAction":[{"@type":"ReadAction","target":["https:\/\/fespa.es\/news\/index.php\/2017\/04\/21\/los-clientes-que-buscan-soluciones-de-decoracion-interior-se-encuentran-en-una-posicion-de-mercado-donde-el-valor-agregado-y-las-soluciones-son-mas-importantes-que-los-precios\/"]}]},{"@type":"ImageObject","inLanguage":"es","@id":"https:\/\/fespa.es\/news\/index.php\/2017\/04\/21\/los-clientes-que-buscan-soluciones-de-decoracion-interior-se-encuentran-en-una-posicion-de-mercado-donde-el-valor-agregado-y-las-soluciones-son-mas-importantes-que-los-precios\/#primaryimage","url":"https:\/\/fespa.es\/news\/wp-content\/uploads\/2017\/04\/1040692.jpeg","contentUrl":"https:\/\/fespa.es\/news\/wp-content\/uploads\/2017\/04\/1040692.jpeg","width":300,"height":450},{"@type":"BreadcrumbList","@id":"https:\/\/fespa.es\/news\/index.php\/2017\/04\/21\/los-clientes-que-buscan-soluciones-de-decoracion-interior-se-encuentran-en-una-posicion-de-mercado-donde-el-valor-agregado-y-las-soluciones-son-mas-importantes-que-los-precios\/#breadcrumb","itemListElement":[{"@type":"ListItem","position":1,"name":"Portada","item":"https:\/\/fespa.es\/news\/"},{"@type":"ListItem","position":2,"name":"\u00abEn la decoraci\u00f3n interior, el valor agregado y las soluciones son m\u00e1s importantes que los precios\u00bb"}]},{"@type":"WebSite","@id":"https:\/\/fespa.es\/news\/#website","url":"https:\/\/fespa.es\/news\/","name":"FESPA Espa\u00f1a Magazine","description":"El Peri\u00f3dico de la industria de la comunicaci\u00f3n visual","potentialAction":[{"@type":"SearchAction","target":{"@type":"EntryPoint","urlTemplate":"https:\/\/fespa.es\/news\/?s={search_term_string}"},"query-input":{"@type":"PropertyValueSpecification","valueRequired":true,"valueName":"search_term_string"}}],"inLanguage":"es"},{"@type":"Person","@id":"https:\/\/fespa.es\/news\/#\/schema\/person\/0019098322836346476fc7dfdbd26d95","name":"admin","image":{"@type":"ImageObject","inLanguage":"es","@id":"https:\/\/fespa.es\/news\/#\/schema\/person\/image\/","url":"https:\/\/secure.gravatar.com\/avatar\/6a6c60542c39a2d052b8b1e8c5145e669bf888b9b229b3da0e43092daac8a32e?s=96&d=mm&r=g","contentUrl":"https:\/\/secure.gravatar.com\/avatar\/6a6c60542c39a2d052b8b1e8c5145e669bf888b9b229b3da0e43092daac8a32e?s=96&d=mm&r=g","caption":"admin"},"url":"https:\/\/fespa.es\/news\/index.php\/author\/admin\/"}]}},"_links":{"self":[{"href":"https:\/\/fespa.es\/news\/index.php\/wp-json\/wp\/v2\/posts\/272","targetHints":{"allow":["GET"]}}],"collection":[{"href":"https:\/\/fespa.es\/news\/index.php\/wp-json\/wp\/v2\/posts"}],"about":[{"href":"https:\/\/fespa.es\/news\/index.php\/wp-json\/wp\/v2\/types\/post"}],"author":[{"embeddable":true,"href":"https:\/\/fespa.es\/news\/index.php\/wp-json\/wp\/v2\/users\/1"}],"replies":[{"embeddable":true,"href":"https:\/\/fespa.es\/news\/index.php\/wp-json\/wp\/v2\/comments?post=272"}],"version-history":[{"count":4,"href":"https:\/\/fespa.es\/news\/index.php\/wp-json\/wp\/v2\/posts\/272\/revisions"}],"predecessor-version":[{"id":322,"href":"https:\/\/fespa.es\/news\/index.php\/wp-json\/wp\/v2\/posts\/272\/revisions\/322"}],"wp:featuredmedia":[{"embeddable":true,"href":"https:\/\/fespa.es\/news\/index.php\/wp-json\/wp\/v2\/media\/273"}],"wp:attachment":[{"href":"https:\/\/fespa.es\/news\/index.php\/wp-json\/wp\/v2\/media?parent=272"}],"wp:term":[{"taxonomy":"category","embeddable":true,"href":"https:\/\/fespa.es\/news\/index.php\/wp-json\/wp\/v2\/categories?post=272"},{"taxonomy":"post_tag","embeddable":true,"href":"https:\/\/fespa.es\/news\/index.php\/wp-json\/wp\/v2\/tags?post=272"}],"curies":[{"name":"wp","href":"https:\/\/api.w.org\/{rel}","templated":true}]}}