{"id":2553,"date":"2026-04-28T07:53:46","date_gmt":"2026-04-28T07:53:46","guid":{"rendered":"https:\/\/fespa.es\/news\/?p=2553"},"modified":"2026-04-28T07:53:53","modified_gmt":"2026-04-28T07:53:53","slug":"conferencias-fespa-barcelona","status":"publish","type":"post","link":"https:\/\/fespa.es\/news\/index.php\/2026\/04\/28\/conferencias-fespa-barcelona\/","title":{"rendered":"Las conferencias de FESPA Espa\u00f1a en FESPA Barcelona"},"content":{"rendered":"\n<p><strong>FESPA Espa\u00f1a<\/strong>&nbsp;presentar\u00e1 en&nbsp;<strong>FESPA Barcelona&nbsp;<\/strong>un completo&nbsp;<strong>programa de actividades<\/strong>&nbsp;dise\u00f1ado para ayudar a los profesionales a entender hacia d\u00f3nde evoluciona el sector y c\u00f3mo transformar esa evoluci\u00f3n en oportunidades reales de negocio.<\/p>\n\n\n\n<p>El&nbsp;<strong>stand de FESPA Espa\u00f1a (2.1 \u2013 F28)<\/strong>&nbsp;ser\u00e1 mucho m\u00e1s que un espacio expositivo: se plantea como un aut\u00e9ntico hub de conexi\u00f3n entre profesionales, donde compartir ideas, detectar tendencias y generar nuevas oportunidades.<\/p>\n\n\n\n<p>Adem\u00e1s,&nbsp;<strong>SIGNOLIA&nbsp;<\/strong>realizar\u00e1 un&nbsp;<strong>podcast en directo<\/strong>&nbsp;desde el stand, dando voz a expertos del sector, analizando tendencias y compartiendo casos reales que aportan una visi\u00f3n pr\u00e1ctica y actual del mercado.<\/p>\n\n\n\n<p>El stand contar\u00e1 tambi\u00e9n con la participaci\u00f3n del ganador del&nbsp;<strong>World Wrap Masters Spain<\/strong>, que representar\u00e1 a Espa\u00f1a compitiendo con los mejores especialistas a nivel internacional, aportando un componente de espect\u00e1culo y excelencia t\u00e9cnica.<\/p>\n\n\n\n<p><strong>Programa de conferencias en las que participa FESPA Espa\u00f1a<\/strong><\/p>\n\n\n\n<p><strong>19 de mayo<\/strong><\/p>\n\n\n\n<ul class=\"wp-block-list\">\n<li><strong>12:45 \u2013 13:15 h.<\/strong>\u00a0La influencia de la comunicaci\u00f3n visual en el mundo del f\u00fatbol con Fran Carrasco, director ejecutivo de Molcaworld.<\/li>\n\n\n\n<li><strong>17:00 \u2013 17:30 h.<\/strong>\u00a0La integraci\u00f3n de la IA en los procesos de una imprenta de comunicaci\u00f3n visual con Sergio Carbonell, consultor de Signolia.\u00a0<\/li>\n<\/ul>\n\n\n\n<p><strong>20 de mayo<\/strong><\/p>\n\n\n\n<ul class=\"wp-block-list\">\n<li><strong>12:00 \u2013 12:30 h.<\/strong>\u00a0La comunicaci\u00f3n visual en el deporte con Gabriel Virto, socio director de Iru\u00f1a Comunicaci\u00f3n Textil.<\/li>\n\n\n\n<li><strong>12:30 \u2013 13:15 h.<\/strong>\u00a0Primer Encuentro Iberoamericano de la Comunicaci\u00f3n Visual con Daniel Sunderland, presidente de FESPA y Jes\u00fas Dur\u00e1, Paulo Dourado, director de APIGRAF y representantes de Conlatingraf.<\/li>\n\n\n\n<li><strong>16:30 h.<\/strong>\u00a0Encuentro con las asociaciones FESPA de LATAM en el Club FESPA\u00a0<\/li>\n<\/ul>\n\n\n\n<p><strong>21 de mayo<\/strong><\/p>\n\n\n\n<ul class=\"wp-block-list\">\n<li><strong>12:30 \u2013 13:00 h.<\/strong>\u00a0Dise\u00f1ar para impactar (sin impactar al planeta): cart\u00f3n t\u00e9cnico y comunicaci\u00f3n visual sostenible, con Alex Garcia, dise\u00f1ador de Northern Design.<\/li>\n\n\n\n<li><strong>13:30 \u2013 14:00 h.<\/strong>\u00a0El poder de las asociaciones para hacer crecer tu negocio de comunicaci\u00f3n visual con Pablo Serrano, secretario general de FESPA Espa\u00f1a.<\/li>\n\n\n\n<li><strong>16:15 \u2013 16:45 h.<\/strong>\u00a0La comunicaci\u00f3n visual en el arte y la cultura con Natalia Dolz, directora de dise\u00f1o de Lachrome.<\/li>\n<\/ul>\n\n\n\n<p>Esta edici\u00f3n marca un momento especialmente relevante: es la primera vez en la historia de FESPA que se celebran conferencias en el idioma local, lo que refuerza la accesibilidad, la cercan\u00eda y el impacto real de los contenidos para el p\u00fablico profesional.<\/p>\n","protected":false},"excerpt":{"rendered":"<p>FESPA Espa\u00f1a&nbsp;presentar\u00e1 en&nbsp;FESPA Barcelona&nbsp;un completo&nbsp;programa de actividades&nbsp;dise\u00f1ado para ayudar a los profesionales a entender hacia d\u00f3nde evoluciona el sector y c\u00f3mo transformar esa evoluci\u00f3n en oportunidades reales de negocio. El&nbsp;stand de FESPA Espa\u00f1a (2.1 \u2013 F28)&nbsp;ser\u00e1 mucho m\u00e1s que un espacio expositivo: se plantea como un aut\u00e9ntico hub de conexi\u00f3n entre profesionales, donde compartir ideas,&hellip;<\/p>\n","protected":false},"author":1,"featured_media":2554,"comment_status":"closed","ping_status":"closed","sticky":false,"template":"","format":"standard","meta":{"footnotes":""},"categories":[9,14],"tags":[],"class_list":["post-2553","post","type-post","status-publish","format-standard","has-post-thumbnail","hentry","category-fespa","category-noticias"],"yoast_head":"<!-- This site is optimized with the Yoast SEO plugin v25.8 - https:\/\/yoast.com\/wordpress\/plugins\/seo\/ -->\n<title>Las conferencias de FESPA Espa\u00f1a en FESPA Barcelona - FESPA Espa\u00f1a Magazine<\/title>\n<meta name=\"description\" content=\"FESPA Espa\u00f1a presenta un programa enriquecedor de conferencias en FESPA Barcelona 2026. \u00a1No te lo pierdas!\" \/>\n<meta name=\"robots\" content=\"index, follow, max-snippet:-1, max-image-preview:large, max-video-preview:-1\" \/>\n<link rel=\"canonical\" href=\"https:\/\/fespa.es\/news\/index.php\/2026\/04\/28\/conferencias-fespa-barcelona\/\" \/>\n<meta property=\"og:locale\" content=\"es_ES\" \/>\n<meta property=\"og:type\" content=\"article\" \/>\n<meta property=\"og:title\" content=\"Las conferencias de FESPA Espa\u00f1a en FESPA Barcelona - FESPA Espa\u00f1a Magazine\" \/>\n<meta property=\"og:description\" content=\"FESPA Espa\u00f1a presenta un programa enriquecedor de conferencias en FESPA Barcelona 2026. \u00a1No te lo pierdas!\" \/>\n<meta property=\"og:url\" content=\"https:\/\/fespa.es\/news\/index.php\/2026\/04\/28\/conferencias-fespa-barcelona\/\" \/>\n<meta property=\"og:site_name\" content=\"FESPA Espa\u00f1a Magazine\" \/>\n<meta property=\"article:published_time\" content=\"2026-04-28T07:53:46+00:00\" \/>\n<meta property=\"article:modified_time\" content=\"2026-04-28T07:53:53+00:00\" \/>\n<meta property=\"og:image\" content=\"https:\/\/fespa.es\/news\/wp-content\/uploads\/2026\/04\/filters-no_upscale.webp\" \/>\n\t<meta property=\"og:image:width\" content=\"1920\" \/>\n\t<meta property=\"og:image:height\" content=\"1280\" \/>\n\t<meta property=\"og:image:type\" content=\"image\/webp\" \/>\n<meta name=\"author\" content=\"admin\" \/>\n<meta name=\"twitter:card\" content=\"summary_large_image\" \/>\n<meta name=\"twitter:label1\" content=\"Escrito por\" \/>\n\t<meta name=\"twitter:data1\" content=\"admin\" \/>\n\t<meta name=\"twitter:label2\" content=\"Tiempo de lectura\" \/>\n\t<meta name=\"twitter:data2\" content=\"2 minutos\" \/>\n<script type=\"application\/ld+json\" class=\"yoast-schema-graph\">{\"@context\":\"https:\/\/schema.org\",\"@graph\":[{\"@type\":\"WebPage\",\"@id\":\"https:\/\/fespa.es\/news\/index.php\/2026\/04\/28\/conferencias-fespa-barcelona\/\",\"url\":\"https:\/\/fespa.es\/news\/index.php\/2026\/04\/28\/conferencias-fespa-barcelona\/\",\"name\":\"Las conferencias de FESPA Espa\u00f1a en FESPA Barcelona - FESPA Espa\u00f1a Magazine\",\"isPartOf\":{\"@id\":\"https:\/\/fespa.es\/news\/#website\"},\"primaryImageOfPage\":{\"@id\":\"https:\/\/fespa.es\/news\/index.php\/2026\/04\/28\/conferencias-fespa-barcelona\/#primaryimage\"},\"image\":{\"@id\":\"https:\/\/fespa.es\/news\/index.php\/2026\/04\/28\/conferencias-fespa-barcelona\/#primaryimage\"},\"thumbnailUrl\":\"https:\/\/fespa.es\/news\/wp-content\/uploads\/2026\/04\/filters-no_upscale.webp\",\"datePublished\":\"2026-04-28T07:53:46+00:00\",\"dateModified\":\"2026-04-28T07:53:53+00:00\",\"author\":{\"@id\":\"https:\/\/fespa.es\/news\/#\/schema\/person\/0019098322836346476fc7dfdbd26d95\"},\"description\":\"FESPA Espa\u00f1a presenta un programa enriquecedor de conferencias en FESPA Barcelona 2026. \u00a1No te lo pierdas!\",\"breadcrumb\":{\"@id\":\"https:\/\/fespa.es\/news\/index.php\/2026\/04\/28\/conferencias-fespa-barcelona\/#breadcrumb\"},\"inLanguage\":\"es\",\"potentialAction\":[{\"@type\":\"ReadAction\",\"target\":[\"https:\/\/fespa.es\/news\/index.php\/2026\/04\/28\/conferencias-fespa-barcelona\/\"]}]},{\"@type\":\"ImageObject\",\"inLanguage\":\"es\",\"@id\":\"https:\/\/fespa.es\/news\/index.php\/2026\/04\/28\/conferencias-fespa-barcelona\/#primaryimage\",\"url\":\"https:\/\/fespa.es\/news\/wp-content\/uploads\/2026\/04\/filters-no_upscale.webp\",\"contentUrl\":\"https:\/\/fespa.es\/news\/wp-content\/uploads\/2026\/04\/filters-no_upscale.webp\",\"width\":1920,\"height\":1280},{\"@type\":\"BreadcrumbList\",\"@id\":\"https:\/\/fespa.es\/news\/index.php\/2026\/04\/28\/conferencias-fespa-barcelona\/#breadcrumb\",\"itemListElement\":[{\"@type\":\"ListItem\",\"position\":1,\"name\":\"Portada\",\"item\":\"https:\/\/fespa.es\/news\/\"},{\"@type\":\"ListItem\",\"position\":2,\"name\":\"Las conferencias de FESPA Espa\u00f1a en FESPA Barcelona\"}]},{\"@type\":\"WebSite\",\"@id\":\"https:\/\/fespa.es\/news\/#website\",\"url\":\"https:\/\/fespa.es\/news\/\",\"name\":\"FESPA Espa\u00f1a Magazine\",\"description\":\"El Peri\u00f3dico de la industria de la comunicaci\u00f3n visual\",\"potentialAction\":[{\"@type\":\"SearchAction\",\"target\":{\"@type\":\"EntryPoint\",\"urlTemplate\":\"https:\/\/fespa.es\/news\/?s={search_term_string}\"},\"query-input\":{\"@type\":\"PropertyValueSpecification\",\"valueRequired\":true,\"valueName\":\"search_term_string\"}}],\"inLanguage\":\"es\"},{\"@type\":\"Person\",\"@id\":\"https:\/\/fespa.es\/news\/#\/schema\/person\/0019098322836346476fc7dfdbd26d95\",\"name\":\"admin\",\"image\":{\"@type\":\"ImageObject\",\"inLanguage\":\"es\",\"@id\":\"https:\/\/fespa.es\/news\/#\/schema\/person\/image\/\",\"url\":\"https:\/\/secure.gravatar.com\/avatar\/6a6c60542c39a2d052b8b1e8c5145e669bf888b9b229b3da0e43092daac8a32e?s=96&d=mm&r=g\",\"contentUrl\":\"https:\/\/secure.gravatar.com\/avatar\/6a6c60542c39a2d052b8b1e8c5145e669bf888b9b229b3da0e43092daac8a32e?s=96&d=mm&r=g\",\"caption\":\"admin\"},\"url\":\"https:\/\/fespa.es\/news\/index.php\/author\/admin\/\"}]}<\/script>\n<!-- \/ Yoast SEO plugin. -->","yoast_head_json":{"title":"Las conferencias de FESPA Espa\u00f1a en FESPA Barcelona - FESPA Espa\u00f1a Magazine","description":"FESPA Espa\u00f1a presenta un programa enriquecedor de conferencias en FESPA Barcelona 2026. \u00a1No te lo pierdas!","robots":{"index":"index","follow":"follow","max-snippet":"max-snippet:-1","max-image-preview":"max-image-preview:large","max-video-preview":"max-video-preview:-1"},"canonical":"https:\/\/fespa.es\/news\/index.php\/2026\/04\/28\/conferencias-fespa-barcelona\/","og_locale":"es_ES","og_type":"article","og_title":"Las conferencias de FESPA Espa\u00f1a en FESPA Barcelona - FESPA Espa\u00f1a Magazine","og_description":"FESPA Espa\u00f1a presenta un programa enriquecedor de conferencias en FESPA Barcelona 2026. \u00a1No te lo pierdas!","og_url":"https:\/\/fespa.es\/news\/index.php\/2026\/04\/28\/conferencias-fespa-barcelona\/","og_site_name":"FESPA Espa\u00f1a Magazine","article_published_time":"2026-04-28T07:53:46+00:00","article_modified_time":"2026-04-28T07:53:53+00:00","og_image":[{"width":1920,"height":1280,"url":"https:\/\/fespa.es\/news\/wp-content\/uploads\/2026\/04\/filters-no_upscale.webp","type":"image\/webp"}],"author":"admin","twitter_card":"summary_large_image","twitter_misc":{"Escrito por":"admin","Tiempo de lectura":"2 minutos"},"schema":{"@context":"https:\/\/schema.org","@graph":[{"@type":"WebPage","@id":"https:\/\/fespa.es\/news\/index.php\/2026\/04\/28\/conferencias-fespa-barcelona\/","url":"https:\/\/fespa.es\/news\/index.php\/2026\/04\/28\/conferencias-fespa-barcelona\/","name":"Las conferencias de FESPA Espa\u00f1a en FESPA Barcelona - FESPA Espa\u00f1a Magazine","isPartOf":{"@id":"https:\/\/fespa.es\/news\/#website"},"primaryImageOfPage":{"@id":"https:\/\/fespa.es\/news\/index.php\/2026\/04\/28\/conferencias-fespa-barcelona\/#primaryimage"},"image":{"@id":"https:\/\/fespa.es\/news\/index.php\/2026\/04\/28\/conferencias-fespa-barcelona\/#primaryimage"},"thumbnailUrl":"https:\/\/fespa.es\/news\/wp-content\/uploads\/2026\/04\/filters-no_upscale.webp","datePublished":"2026-04-28T07:53:46+00:00","dateModified":"2026-04-28T07:53:53+00:00","author":{"@id":"https:\/\/fespa.es\/news\/#\/schema\/person\/0019098322836346476fc7dfdbd26d95"},"description":"FESPA Espa\u00f1a presenta un programa enriquecedor de conferencias en FESPA Barcelona 2026. \u00a1No te lo pierdas!","breadcrumb":{"@id":"https:\/\/fespa.es\/news\/index.php\/2026\/04\/28\/conferencias-fespa-barcelona\/#breadcrumb"},"inLanguage":"es","potentialAction":[{"@type":"ReadAction","target":["https:\/\/fespa.es\/news\/index.php\/2026\/04\/28\/conferencias-fespa-barcelona\/"]}]},{"@type":"ImageObject","inLanguage":"es","@id":"https:\/\/fespa.es\/news\/index.php\/2026\/04\/28\/conferencias-fespa-barcelona\/#primaryimage","url":"https:\/\/fespa.es\/news\/wp-content\/uploads\/2026\/04\/filters-no_upscale.webp","contentUrl":"https:\/\/fespa.es\/news\/wp-content\/uploads\/2026\/04\/filters-no_upscale.webp","width":1920,"height":1280},{"@type":"BreadcrumbList","@id":"https:\/\/fespa.es\/news\/index.php\/2026\/04\/28\/conferencias-fespa-barcelona\/#breadcrumb","itemListElement":[{"@type":"ListItem","position":1,"name":"Portada","item":"https:\/\/fespa.es\/news\/"},{"@type":"ListItem","position":2,"name":"Las conferencias de FESPA Espa\u00f1a en FESPA Barcelona"}]},{"@type":"WebSite","@id":"https:\/\/fespa.es\/news\/#website","url":"https:\/\/fespa.es\/news\/","name":"FESPA Espa\u00f1a Magazine","description":"El Peri\u00f3dico de la industria de la comunicaci\u00f3n visual","potentialAction":[{"@type":"SearchAction","target":{"@type":"EntryPoint","urlTemplate":"https:\/\/fespa.es\/news\/?s={search_term_string}"},"query-input":{"@type":"PropertyValueSpecification","valueRequired":true,"valueName":"search_term_string"}}],"inLanguage":"es"},{"@type":"Person","@id":"https:\/\/fespa.es\/news\/#\/schema\/person\/0019098322836346476fc7dfdbd26d95","name":"admin","image":{"@type":"ImageObject","inLanguage":"es","@id":"https:\/\/fespa.es\/news\/#\/schema\/person\/image\/","url":"https:\/\/secure.gravatar.com\/avatar\/6a6c60542c39a2d052b8b1e8c5145e669bf888b9b229b3da0e43092daac8a32e?s=96&d=mm&r=g","contentUrl":"https:\/\/secure.gravatar.com\/avatar\/6a6c60542c39a2d052b8b1e8c5145e669bf888b9b229b3da0e43092daac8a32e?s=96&d=mm&r=g","caption":"admin"},"url":"https:\/\/fespa.es\/news\/index.php\/author\/admin\/"}]}},"_links":{"self":[{"href":"https:\/\/fespa.es\/news\/index.php\/wp-json\/wp\/v2\/posts\/2553","targetHints":{"allow":["GET"]}}],"collection":[{"href":"https:\/\/fespa.es\/news\/index.php\/wp-json\/wp\/v2\/posts"}],"about":[{"href":"https:\/\/fespa.es\/news\/index.php\/wp-json\/wp\/v2\/types\/post"}],"author":[{"embeddable":true,"href":"https:\/\/fespa.es\/news\/index.php\/wp-json\/wp\/v2\/users\/1"}],"replies":[{"embeddable":true,"href":"https:\/\/fespa.es\/news\/index.php\/wp-json\/wp\/v2\/comments?post=2553"}],"version-history":[{"count":1,"href":"https:\/\/fespa.es\/news\/index.php\/wp-json\/wp\/v2\/posts\/2553\/revisions"}],"predecessor-version":[{"id":2555,"href":"https:\/\/fespa.es\/news\/index.php\/wp-json\/wp\/v2\/posts\/2553\/revisions\/2555"}],"wp:featuredmedia":[{"embeddable":true,"href":"https:\/\/fespa.es\/news\/index.php\/wp-json\/wp\/v2\/media\/2554"}],"wp:attachment":[{"href":"https:\/\/fespa.es\/news\/index.php\/wp-json\/wp\/v2\/media?parent=2553"}],"wp:term":[{"taxonomy":"category","embeddable":true,"href":"https:\/\/fespa.es\/news\/index.php\/wp-json\/wp\/v2\/categories?post=2553"},{"taxonomy":"post_tag","embeddable":true,"href":"https:\/\/fespa.es\/news\/index.php\/wp-json\/wp\/v2\/tags?post=2553"}],"curies":[{"name":"wp","href":"https:\/\/api.w.org\/{rel}","templated":true}]}}