{"id":2459,"date":"2025-11-11T10:45:29","date_gmt":"2025-11-11T10:45:29","guid":{"rendered":"https:\/\/fespa.es\/news\/?p=2459"},"modified":"2025-11-18T11:34:15","modified_gmt":"2025-11-18T11:34:15","slug":"fespa-barcelona-corrugated-textile","status":"publish","type":"post","link":"https:\/\/fespa.es\/news\/index.php\/2025\/11\/11\/fespa-barcelona-corrugated-textile\/","title":{"rendered":"FESPA ampl\u00eda su cartera de eventos con dos nuevos lanzamientos de marca"},"content":{"rendered":"\n<p><em><strong>Nuevos eventos dedicados al cart\u00f3n ondulado y al textil reforzar\u00e1n el programa completo de FESPA 2026 en Barcelona<\/strong><\/em><\/p>\n\n\n\n<p>FESPA ampl\u00eda su cartera de eventos con dos nuevos lanzamientos \u2014<strong>Corrugated<\/strong>&nbsp;y&nbsp;<strong>Textile<\/strong>\u2014 que debutar\u00e1n en&nbsp;<strong>FESPA 2026<\/strong>, del&nbsp;<strong>19 al 22 de mayo de 2026 en Barcelona<\/strong>.<\/p>\n\n\n\n<p><strong>Corrugated<\/strong>&nbsp;es una empresa conjunta entre FESPA y la editorial especializada en packaging&nbsp;<strong>Brunton Publications<\/strong>. Ofrecer\u00e1 una plataforma espec\u00edfica para los fabricantes de envases y soluciones de exposici\u00f3n en cart\u00f3n ondulado, que podr\u00e1n reunirse con proveedores de materiales, maquinaria, software de flujo de trabajo y otras tecnolog\u00edas.<\/p>\n\n\n\n<p>El nuevo evento&nbsp;<strong>Textile<\/strong>&nbsp;se basa en la larga trayectoria de FESPA en la impresi\u00f3n textil tanto serigr\u00e1fica como digital, y pondr\u00e1 el foco en las tecnolog\u00edas y materiales que est\u00e1n dando forma a la producci\u00f3n textil y de prendas.<\/p>\n\n\n\n<p>Ambos eventos se celebrar\u00e1n junto al&nbsp;<strong>FESPA Global Print Expo 2026<\/strong>, el evento insignia de la organizaci\u00f3n, creando un&nbsp;<strong>megaevento<\/strong>&nbsp;que reunir\u00e1 bajo un mismo techo cinco ferias:&nbsp;<strong>FESPA Global Print Expo, European Sign Expo, Personalisation Experience, Corrugated y Textile<\/strong>.<\/p>\n\n\n\n<p>Estos nuevos lanzamientos reflejan la estrategia de futuro de FESPA,&nbsp;<strong>FESPA Future<\/strong>, que subraya c\u00f3mo la organizaci\u00f3n est\u00e1 invirtiendo para impulsar el crecimiento empresarial de sus comunidades en evoluci\u00f3n. La ampliaci\u00f3n del programa de eventos demuestra el compromiso activo de FESPA con los distintos mercados verticales dentro del sector de la impresi\u00f3n especializada, ofreciendo plataformas de intercambio de conocimiento y formaci\u00f3n, y generando un mayor valor para visitantes y expositores.<\/p>\n\n\n\n<p><strong>Neil Felton<\/strong>, CEO de FESPA, comenta:<\/p>\n\n\n\n<p>\u201cFESPA tiene un historial positivo identificando \u00e1reas con potencial de crecimiento para nuestra comunidad y proporcionando un entorno en el que pueden descubrir y comprender el posible impacto en sus propios negocios. Con el lanzamiento de&nbsp;<strong>Textile<\/strong>&nbsp;y&nbsp;<strong>Corrugated<\/strong>, junto a nuestros consolidados eventos de impresi\u00f3n, rotulaci\u00f3n y personalizaci\u00f3n, estamos creando un destino \u00fanico donde comunidades empresariales conectadas pueden explorar multitud de oportunidades. En Barcelona,&nbsp;<strong>FESPA 2026 ser\u00e1 m\u00e1s grande, m\u00e1s s\u00f3lida y a\u00fan m\u00e1s diversa<\/strong>, consolidando a\u00fan m\u00e1s a FESPA como el principal evento y plataforma global de intercambio de conocimiento para todos los \u00e1mbitos de la impresi\u00f3n especializada.\u201d<\/p>\n","protected":false},"excerpt":{"rendered":"<p>Nuevos eventos dedicados al cart\u00f3n ondulado y al textil reforzar\u00e1n el programa completo de FESPA 2026 en Barcelona FESPA ampl\u00eda su cartera de eventos con dos nuevos lanzamientos \u2014Corrugated&nbsp;y&nbsp;Textile\u2014 que debutar\u00e1n en&nbsp;FESPA 2026, del&nbsp;19 al 22 de mayo de 2026 en Barcelona. Corrugated&nbsp;es una empresa conjunta entre FESPA y la editorial especializada en packaging&nbsp;Brunton Publications.&hellip;<\/p>\n","protected":false},"author":1,"featured_media":2466,"comment_status":"closed","ping_status":"closed","sticky":false,"template":"","format":"standard","meta":{"footnotes":""},"categories":[8,14],"tags":[],"class_list":["post-2459","post","type-post","status-publish","format-standard","has-post-thumbnail","hentry","category-eventos","category-noticias"],"yoast_head":"<!-- This site is optimized with the Yoast SEO plugin v25.8 - https:\/\/yoast.com\/wordpress\/plugins\/seo\/ -->\n<title>FESPA ampl\u00eda su cartera de eventos con dos nuevos lanzamientos de marca - FESPA Espa\u00f1a Magazine<\/title>\n<meta name=\"description\" content=\"Nuevos eventos dedicados al cart\u00f3n ondulado y al textil reforzar\u00e1n el programa completo de FESPA 2026 en Barcelona.\" \/>\n<meta name=\"robots\" content=\"index, follow, max-snippet:-1, max-image-preview:large, max-video-preview:-1\" \/>\n<link rel=\"canonical\" href=\"https:\/\/fespa.es\/news\/index.php\/2025\/11\/11\/fespa-barcelona-corrugated-textile\/\" \/>\n<meta property=\"og:locale\" content=\"es_ES\" \/>\n<meta property=\"og:type\" content=\"article\" \/>\n<meta property=\"og:title\" content=\"FESPA ampl\u00eda su cartera de eventos con dos nuevos lanzamientos de marca - FESPA Espa\u00f1a Magazine\" \/>\n<meta property=\"og:description\" content=\"Nuevos eventos dedicados al cart\u00f3n ondulado y al textil reforzar\u00e1n el programa completo de FESPA 2026 en Barcelona.\" \/>\n<meta property=\"og:url\" content=\"https:\/\/fespa.es\/news\/index.php\/2025\/11\/11\/fespa-barcelona-corrugated-textile\/\" \/>\n<meta property=\"og:site_name\" content=\"FESPA Espa\u00f1a Magazine\" \/>\n<meta property=\"article:published_time\" content=\"2025-11-11T10:45:29+00:00\" \/>\n<meta property=\"article:modified_time\" content=\"2025-11-18T11:34:15+00:00\" \/>\n<meta property=\"og:image\" content=\"https:\/\/fespa.es\/news\/wp-content\/uploads\/2025\/11\/corrugated.jpg\" \/>\n\t<meta property=\"og:image:width\" content=\"400\" \/>\n\t<meta property=\"og:image:height\" content=\"400\" \/>\n\t<meta property=\"og:image:type\" content=\"image\/jpeg\" \/>\n<meta name=\"author\" content=\"admin\" \/>\n<meta name=\"twitter:card\" content=\"summary_large_image\" \/>\n<meta name=\"twitter:label1\" content=\"Escrito por\" \/>\n\t<meta name=\"twitter:data1\" content=\"admin\" \/>\n\t<meta name=\"twitter:label2\" content=\"Tiempo de lectura\" \/>\n\t<meta name=\"twitter:data2\" content=\"2 minutos\" \/>\n<script type=\"application\/ld+json\" class=\"yoast-schema-graph\">{\"@context\":\"https:\/\/schema.org\",\"@graph\":[{\"@type\":\"WebPage\",\"@id\":\"https:\/\/fespa.es\/news\/index.php\/2025\/11\/11\/fespa-barcelona-corrugated-textile\/\",\"url\":\"https:\/\/fespa.es\/news\/index.php\/2025\/11\/11\/fespa-barcelona-corrugated-textile\/\",\"name\":\"FESPA ampl\u00eda su cartera de eventos con dos nuevos lanzamientos de marca - FESPA Espa\u00f1a Magazine\",\"isPartOf\":{\"@id\":\"https:\/\/fespa.es\/news\/#website\"},\"primaryImageOfPage\":{\"@id\":\"https:\/\/fespa.es\/news\/index.php\/2025\/11\/11\/fespa-barcelona-corrugated-textile\/#primaryimage\"},\"image\":{\"@id\":\"https:\/\/fespa.es\/news\/index.php\/2025\/11\/11\/fespa-barcelona-corrugated-textile\/#primaryimage\"},\"thumbnailUrl\":\"https:\/\/fespa.es\/news\/wp-content\/uploads\/2025\/11\/corrugated.jpg\",\"datePublished\":\"2025-11-11T10:45:29+00:00\",\"dateModified\":\"2025-11-18T11:34:15+00:00\",\"author\":{\"@id\":\"https:\/\/fespa.es\/news\/#\/schema\/person\/0019098322836346476fc7dfdbd26d95\"},\"description\":\"Nuevos eventos dedicados al cart\u00f3n ondulado y al textil reforzar\u00e1n el programa completo de FESPA 2026 en Barcelona.\",\"breadcrumb\":{\"@id\":\"https:\/\/fespa.es\/news\/index.php\/2025\/11\/11\/fespa-barcelona-corrugated-textile\/#breadcrumb\"},\"inLanguage\":\"es\",\"potentialAction\":[{\"@type\":\"ReadAction\",\"target\":[\"https:\/\/fespa.es\/news\/index.php\/2025\/11\/11\/fespa-barcelona-corrugated-textile\/\"]}]},{\"@type\":\"ImageObject\",\"inLanguage\":\"es\",\"@id\":\"https:\/\/fespa.es\/news\/index.php\/2025\/11\/11\/fespa-barcelona-corrugated-textile\/#primaryimage\",\"url\":\"https:\/\/fespa.es\/news\/wp-content\/uploads\/2025\/11\/corrugated.jpg\",\"contentUrl\":\"https:\/\/fespa.es\/news\/wp-content\/uploads\/2025\/11\/corrugated.jpg\",\"width\":400,\"height\":400},{\"@type\":\"BreadcrumbList\",\"@id\":\"https:\/\/fespa.es\/news\/index.php\/2025\/11\/11\/fespa-barcelona-corrugated-textile\/#breadcrumb\",\"itemListElement\":[{\"@type\":\"ListItem\",\"position\":1,\"name\":\"Portada\",\"item\":\"https:\/\/fespa.es\/news\/\"},{\"@type\":\"ListItem\",\"position\":2,\"name\":\"FESPA ampl\u00eda su cartera de eventos con dos nuevos lanzamientos de marca\"}]},{\"@type\":\"WebSite\",\"@id\":\"https:\/\/fespa.es\/news\/#website\",\"url\":\"https:\/\/fespa.es\/news\/\",\"name\":\"FESPA Espa\u00f1a Magazine\",\"description\":\"El Peri\u00f3dico de la industria de la comunicaci\u00f3n visual\",\"potentialAction\":[{\"@type\":\"SearchAction\",\"target\":{\"@type\":\"EntryPoint\",\"urlTemplate\":\"https:\/\/fespa.es\/news\/?s={search_term_string}\"},\"query-input\":{\"@type\":\"PropertyValueSpecification\",\"valueRequired\":true,\"valueName\":\"search_term_string\"}}],\"inLanguage\":\"es\"},{\"@type\":\"Person\",\"@id\":\"https:\/\/fespa.es\/news\/#\/schema\/person\/0019098322836346476fc7dfdbd26d95\",\"name\":\"admin\",\"image\":{\"@type\":\"ImageObject\",\"inLanguage\":\"es\",\"@id\":\"https:\/\/fespa.es\/news\/#\/schema\/person\/image\/\",\"url\":\"https:\/\/secure.gravatar.com\/avatar\/6a6c60542c39a2d052b8b1e8c5145e669bf888b9b229b3da0e43092daac8a32e?s=96&d=mm&r=g\",\"contentUrl\":\"https:\/\/secure.gravatar.com\/avatar\/6a6c60542c39a2d052b8b1e8c5145e669bf888b9b229b3da0e43092daac8a32e?s=96&d=mm&r=g\",\"caption\":\"admin\"},\"url\":\"https:\/\/fespa.es\/news\/index.php\/author\/admin\/\"}]}<\/script>\n<!-- \/ Yoast SEO plugin. -->","yoast_head_json":{"title":"FESPA ampl\u00eda su cartera de eventos con dos nuevos lanzamientos de marca - FESPA Espa\u00f1a Magazine","description":"Nuevos eventos dedicados al cart\u00f3n ondulado y al textil reforzar\u00e1n el programa completo de FESPA 2026 en Barcelona.","robots":{"index":"index","follow":"follow","max-snippet":"max-snippet:-1","max-image-preview":"max-image-preview:large","max-video-preview":"max-video-preview:-1"},"canonical":"https:\/\/fespa.es\/news\/index.php\/2025\/11\/11\/fespa-barcelona-corrugated-textile\/","og_locale":"es_ES","og_type":"article","og_title":"FESPA ampl\u00eda su cartera de eventos con dos nuevos lanzamientos de marca - FESPA Espa\u00f1a Magazine","og_description":"Nuevos eventos dedicados al cart\u00f3n ondulado y al textil reforzar\u00e1n el programa completo de FESPA 2026 en Barcelona.","og_url":"https:\/\/fespa.es\/news\/index.php\/2025\/11\/11\/fespa-barcelona-corrugated-textile\/","og_site_name":"FESPA Espa\u00f1a Magazine","article_published_time":"2025-11-11T10:45:29+00:00","article_modified_time":"2025-11-18T11:34:15+00:00","og_image":[{"width":400,"height":400,"url":"https:\/\/fespa.es\/news\/wp-content\/uploads\/2025\/11\/corrugated.jpg","type":"image\/jpeg"}],"author":"admin","twitter_card":"summary_large_image","twitter_misc":{"Escrito por":"admin","Tiempo de lectura":"2 minutos"},"schema":{"@context":"https:\/\/schema.org","@graph":[{"@type":"WebPage","@id":"https:\/\/fespa.es\/news\/index.php\/2025\/11\/11\/fespa-barcelona-corrugated-textile\/","url":"https:\/\/fespa.es\/news\/index.php\/2025\/11\/11\/fespa-barcelona-corrugated-textile\/","name":"FESPA ampl\u00eda su cartera de eventos con dos nuevos lanzamientos de marca - FESPA Espa\u00f1a Magazine","isPartOf":{"@id":"https:\/\/fespa.es\/news\/#website"},"primaryImageOfPage":{"@id":"https:\/\/fespa.es\/news\/index.php\/2025\/11\/11\/fespa-barcelona-corrugated-textile\/#primaryimage"},"image":{"@id":"https:\/\/fespa.es\/news\/index.php\/2025\/11\/11\/fespa-barcelona-corrugated-textile\/#primaryimage"},"thumbnailUrl":"https:\/\/fespa.es\/news\/wp-content\/uploads\/2025\/11\/corrugated.jpg","datePublished":"2025-11-11T10:45:29+00:00","dateModified":"2025-11-18T11:34:15+00:00","author":{"@id":"https:\/\/fespa.es\/news\/#\/schema\/person\/0019098322836346476fc7dfdbd26d95"},"description":"Nuevos eventos dedicados al cart\u00f3n ondulado y al textil reforzar\u00e1n el programa completo de FESPA 2026 en Barcelona.","breadcrumb":{"@id":"https:\/\/fespa.es\/news\/index.php\/2025\/11\/11\/fespa-barcelona-corrugated-textile\/#breadcrumb"},"inLanguage":"es","potentialAction":[{"@type":"ReadAction","target":["https:\/\/fespa.es\/news\/index.php\/2025\/11\/11\/fespa-barcelona-corrugated-textile\/"]}]},{"@type":"ImageObject","inLanguage":"es","@id":"https:\/\/fespa.es\/news\/index.php\/2025\/11\/11\/fespa-barcelona-corrugated-textile\/#primaryimage","url":"https:\/\/fespa.es\/news\/wp-content\/uploads\/2025\/11\/corrugated.jpg","contentUrl":"https:\/\/fespa.es\/news\/wp-content\/uploads\/2025\/11\/corrugated.jpg","width":400,"height":400},{"@type":"BreadcrumbList","@id":"https:\/\/fespa.es\/news\/index.php\/2025\/11\/11\/fespa-barcelona-corrugated-textile\/#breadcrumb","itemListElement":[{"@type":"ListItem","position":1,"name":"Portada","item":"https:\/\/fespa.es\/news\/"},{"@type":"ListItem","position":2,"name":"FESPA ampl\u00eda su cartera de eventos con dos nuevos lanzamientos de marca"}]},{"@type":"WebSite","@id":"https:\/\/fespa.es\/news\/#website","url":"https:\/\/fespa.es\/news\/","name":"FESPA Espa\u00f1a Magazine","description":"El Peri\u00f3dico de la industria de la comunicaci\u00f3n visual","potentialAction":[{"@type":"SearchAction","target":{"@type":"EntryPoint","urlTemplate":"https:\/\/fespa.es\/news\/?s={search_term_string}"},"query-input":{"@type":"PropertyValueSpecification","valueRequired":true,"valueName":"search_term_string"}}],"inLanguage":"es"},{"@type":"Person","@id":"https:\/\/fespa.es\/news\/#\/schema\/person\/0019098322836346476fc7dfdbd26d95","name":"admin","image":{"@type":"ImageObject","inLanguage":"es","@id":"https:\/\/fespa.es\/news\/#\/schema\/person\/image\/","url":"https:\/\/secure.gravatar.com\/avatar\/6a6c60542c39a2d052b8b1e8c5145e669bf888b9b229b3da0e43092daac8a32e?s=96&d=mm&r=g","contentUrl":"https:\/\/secure.gravatar.com\/avatar\/6a6c60542c39a2d052b8b1e8c5145e669bf888b9b229b3da0e43092daac8a32e?s=96&d=mm&r=g","caption":"admin"},"url":"https:\/\/fespa.es\/news\/index.php\/author\/admin\/"}]}},"_links":{"self":[{"href":"https:\/\/fespa.es\/news\/index.php\/wp-json\/wp\/v2\/posts\/2459","targetHints":{"allow":["GET"]}}],"collection":[{"href":"https:\/\/fespa.es\/news\/index.php\/wp-json\/wp\/v2\/posts"}],"about":[{"href":"https:\/\/fespa.es\/news\/index.php\/wp-json\/wp\/v2\/types\/post"}],"author":[{"embeddable":true,"href":"https:\/\/fespa.es\/news\/index.php\/wp-json\/wp\/v2\/users\/1"}],"replies":[{"embeddable":true,"href":"https:\/\/fespa.es\/news\/index.php\/wp-json\/wp\/v2\/comments?post=2459"}],"version-history":[{"count":1,"href":"https:\/\/fespa.es\/news\/index.php\/wp-json\/wp\/v2\/posts\/2459\/revisions"}],"predecessor-version":[{"id":2461,"href":"https:\/\/fespa.es\/news\/index.php\/wp-json\/wp\/v2\/posts\/2459\/revisions\/2461"}],"wp:featuredmedia":[{"embeddable":true,"href":"https:\/\/fespa.es\/news\/index.php\/wp-json\/wp\/v2\/media\/2466"}],"wp:attachment":[{"href":"https:\/\/fespa.es\/news\/index.php\/wp-json\/wp\/v2\/media?parent=2459"}],"wp:term":[{"taxonomy":"category","embeddable":true,"href":"https:\/\/fespa.es\/news\/index.php\/wp-json\/wp\/v2\/categories?post=2459"},{"taxonomy":"post_tag","embeddable":true,"href":"https:\/\/fespa.es\/news\/index.php\/wp-json\/wp\/v2\/tags?post=2459"}],"curies":[{"name":"wp","href":"https:\/\/api.w.org\/{rel}","templated":true}]}}