{"id":230,"date":"2017-03-26T16:30:28","date_gmt":"2017-03-26T16:30:28","guid":{"rendered":"http:\/\/fespa.es\/news\/?p=230"},"modified":"2017-05-22T08:10:59","modified_gmt":"2017-05-22T08:10:59","slug":"como-la-impresion-digital-abre-posibilidades-en-el-diseno-de-interiores","status":"publish","type":"post","link":"https:\/\/fespa.es\/news\/index.php\/2017\/03\/26\/como-la-impresion-digital-abre-posibilidades-en-el-diseno-de-interiores\/","title":{"rendered":"C\u00f3mo la impresi\u00f3n digital abre posibilidades en el dise\u00f1o de interiores"},"content":{"rendered":"<p>Una de las grandes ventajas que posibilitan las nuevas soluciones de impresi\u00f3n y de acabado junto con los nuevos soportes en constante innovaci\u00f3n es que permiten crear espacios totalmente personalizados. En este reportaje te ponemos varios ejemplos de c\u00f3mo se est\u00e1 haciendo.<\/p>\n<p>El mundo de la impresi\u00f3n digital y rotulaci\u00f3n est\u00e1 en plena revoluci\u00f3n. Estas posibilidades abren nuevas realidades ciertamente estimulantes: tanto es as\u00ed que desde el techo hasta el suelo todo es personalizable. Se abre as\u00ed un verdadero mundo de posibilidades para interioristas y dise\u00f1adores que quieran darle un toque totalmente personal al espacio a decorar.<\/p>\n<p>Como consecuencia de este escenario, se est\u00e1n desarrollando (y muchas m\u00e1s que se van a crear) las casas con personalidad propia. En este art\u00edculo mostramos algunas de las posibilidades que se est\u00e1n realizando en multitud de soportes como el cristal, el aluminio, la madera, el metacrilato, el textil, la cer\u00e1mica, el azulejo, el moqueta, los cojines, los pufs, los sof\u00e1s, el papel pintado, las l\u00e1mparas, los estores, las cortinas, las s\u00e1banas o las puertas.<\/p>\n<p>De tal manera que con estas coordenadas el l\u00edmite est\u00e1 en la creatividad y no en la producci\u00f3n.<\/p>\n<p><strong>Textiles y polipieles<\/strong><\/p>\n<p>\u00bfNecesitas imprimir unas cortinas con el color exacto en el que necesitas? Imagina que has encontrado un tejido s\u00faper bonito que te vendr\u00eda genial para integrarlo en uno de los nuevos proyectos en los que est\u00e1s trabajando pero no encuentras el color de visillo adecuado que combine perfectamente con \u00e9sta. Lo bueno es que con la impresi\u00f3n digital tienes la posibilidad de obtener exactamente el color que quieres combinar para que el resultado sea justo el que buscas, sin tener que revisar miles de cat\u00e1logos.<\/p>\n<p><img decoding=\"async\" src=\"https:\/\/fespa.es\/news\/wp-content\/uploads\/2017\/03\/interiores1.jpg\" alt=\"interiores1\" \/><\/p>\n<p>Por ejemplo, \u00e9ste es un trabajo que se ha realizado para una terraza chillout en Sevilla, dise\u00f1ada por Ortho Estudio, en el que toda la polipiel de los asientos es personalizada. La polipiel est\u00e1 disponible tambi\u00e9n en opci\u00f3n ign\u00edfuga, por lo que es perfecta para este tipo de trabajos. Se pueden confeccionar cojines y pufs con ella, adem\u00e1s de usarla para tapizar sillas, cabeceros, etc. Lo mismo ocurre con los tejidos. Se pueden confeccionar cojines como \u00e9stos:<\/p>\n<p><a href=\"https:\/\/fespa.es\/news\/wp-content\/uploads\/2017\/03\/interiores3.jpg\" rel=\"attachment wp-att-232\"><img loading=\"lazy\" decoding=\"async\" class=\"aligncenter size-full wp-image-232\" src=\"https:\/\/fespa.es\/news\/wp-content\/uploads\/2017\/03\/interiores3.jpg\" alt=\"interiores3\" width=\"1024\" height=\"683\" srcset=\"https:\/\/fespa.es\/news\/wp-content\/uploads\/2017\/03\/interiores3.jpg 1024w, https:\/\/fespa.es\/news\/wp-content\/uploads\/2017\/03\/interiores3-300x200.jpg 300w, https:\/\/fespa.es\/news\/wp-content\/uploads\/2017\/03\/interiores3-768x512.jpg 768w, https:\/\/fespa.es\/news\/wp-content\/uploads\/2017\/03\/interiores3-480x320.jpg 480w, https:\/\/fespa.es\/news\/wp-content\/uploads\/2017\/03\/interiores3-750x500.jpg 750w\" sizes=\"auto, (max-width: 1024px) 100vw, 1024px\" \/><\/a><\/p>\n<p>O mirad el cambio de estas sillas viejas que rescat\u00f3 y tapiz\u00f3 nuestra amiga Cayena Blanca.<\/p>\n<p><a href=\"https:\/\/fespa.es\/news\/wp-content\/uploads\/2017\/03\/interiores3.jpg\" rel=\"attachment wp-att-232\"><br \/>\n<\/a> <a href=\"https:\/\/fespa.es\/news\/wp-content\/uploads\/2017\/03\/interiores5.jpg\" rel=\"attachment wp-att-233\"><img loading=\"lazy\" decoding=\"async\" class=\"aligncenter size-full wp-image-233\" src=\"https:\/\/fespa.es\/news\/wp-content\/uploads\/2017\/03\/interiores5.jpg\" alt=\"interiores5\" width=\"1398\" height=\"1800\" srcset=\"https:\/\/fespa.es\/news\/wp-content\/uploads\/2017\/03\/interiores5.jpg 1398w, https:\/\/fespa.es\/news\/wp-content\/uploads\/2017\/03\/interiores5-233x300.jpg 233w, https:\/\/fespa.es\/news\/wp-content\/uploads\/2017\/03\/interiores5-768x989.jpg 768w, https:\/\/fespa.es\/news\/wp-content\/uploads\/2017\/03\/interiores5-795x1024.jpg 795w, https:\/\/fespa.es\/news\/wp-content\/uploads\/2017\/03\/interiores5-480x618.jpg 480w, https:\/\/fespa.es\/news\/wp-content\/uploads\/2017\/03\/interiores5-388x500.jpg 388w\" sizes=\"auto, (max-width: 1398px) 100vw, 1398px\" \/><\/a><\/p>\n<p><strong>Papel pintado<\/strong><\/p>\n<p>Adem\u00e1s, el papel pintado personalizado ofrece un mont\u00f3n de posibilidades, porque puedes aplicar en \u00e9l el dise\u00f1o que quieras con el que est\u00e1s trabajando en tu proyecto y colocarlo tanto en paredes como en techos.<\/p>\n<p>Existe papel pintado para aplicar usando cola, autoadhesivo o de activaci\u00f3n moj\u00e1ndolo en agua. Aqu\u00ed pod\u00e9is ver este trabajo para tiendas Philpark realizado por el estudio PPT Interiorismo.<\/p>\n<p><a href=\"https:\/\/fespa.es\/news\/wp-content\/uploads\/2017\/03\/interiores6.jpg\" rel=\"attachment wp-att-234\"><img loading=\"lazy\" decoding=\"async\" class=\"aligncenter size-full wp-image-234\" src=\"https:\/\/fespa.es\/news\/wp-content\/uploads\/2017\/03\/interiores6.jpg\" alt=\"interiores6\" width=\"600\" height=\"600\" srcset=\"https:\/\/fespa.es\/news\/wp-content\/uploads\/2017\/03\/interiores6.jpg 600w, https:\/\/fespa.es\/news\/wp-content\/uploads\/2017\/03\/interiores6-150x150.jpg 150w, https:\/\/fespa.es\/news\/wp-content\/uploads\/2017\/03\/interiores6-300x300.jpg 300w, https:\/\/fespa.es\/news\/wp-content\/uploads\/2017\/03\/interiores6-480x480.jpg 480w, https:\/\/fespa.es\/news\/wp-content\/uploads\/2017\/03\/interiores6-500x500.jpg 500w\" sizes=\"auto, (max-width: 600px) 100vw, 600px\" \/><\/a><\/p>\n<p><strong>Impresi\u00f3n directa sobre materiales r\u00edgidos<\/strong><\/p>\n<p>Existen multitud de materiales en los que se puede imprimir de forma directa, como el\u00a0 metacrilato, el aluminio (dibond), la madera, el pvc, el corcho, la cer\u00e1mica\u2026 son materiales que en su mayor\u00eda se pueden troquelar, por lo que son perfectos para usar en proyectos de interiorismo. El dibond es un material que se suele usar en recubrimiento de fachadas pero que impreso queda de maravilla en forma de cuadro.<\/p>\n<p><a href=\"https:\/\/fespa.es\/news\/wp-content\/uploads\/2017\/03\/interiores8.jpg\" rel=\"attachment wp-att-235\"><img loading=\"lazy\" decoding=\"async\" class=\"aligncenter size-full wp-image-235\" src=\"https:\/\/fespa.es\/news\/wp-content\/uploads\/2017\/03\/interiores8.jpg\" alt=\"interiores8\" width=\"1024\" height=\"683\" srcset=\"https:\/\/fespa.es\/news\/wp-content\/uploads\/2017\/03\/interiores8.jpg 1024w, https:\/\/fespa.es\/news\/wp-content\/uploads\/2017\/03\/interiores8-300x200.jpg 300w, https:\/\/fespa.es\/news\/wp-content\/uploads\/2017\/03\/interiores8-768x512.jpg 768w, https:\/\/fespa.es\/news\/wp-content\/uploads\/2017\/03\/interiores8-480x320.jpg 480w, https:\/\/fespa.es\/news\/wp-content\/uploads\/2017\/03\/interiores8-750x500.jpg 750w\" sizes=\"auto, (max-width: 1024px) 100vw, 1024px\" \/><\/a><\/p>\n<p>En madera puedes imprimir desde tablero DM, alistonado de pino, aglomerado\u2026 incluso usando tinta blanca como pod\u00e9is ver en la siguiente imagen:<\/p>\n<p><strong>Letras y r\u00f3tulos<\/strong><\/p>\n<p>Empleando materiales como el PVC, el poliestireno o el metacrilato puedes crear letras con la tipograf\u00eda que quieras y r\u00f3tulos con las formas deseadas.<\/p>\n<p><a href=\"https:\/\/fespa.es\/news\/wp-content\/uploads\/2017\/03\/interiores10.jpg\" rel=\"attachment wp-att-236\"><img loading=\"lazy\" decoding=\"async\" class=\"aligncenter size-full wp-image-236\" src=\"https:\/\/fespa.es\/news\/wp-content\/uploads\/2017\/03\/interiores10.jpg\" alt=\"interiores10\" width=\"1024\" height=\"684\" srcset=\"https:\/\/fespa.es\/news\/wp-content\/uploads\/2017\/03\/interiores10.jpg 1024w, https:\/\/fespa.es\/news\/wp-content\/uploads\/2017\/03\/interiores10-300x200.jpg 300w, https:\/\/fespa.es\/news\/wp-content\/uploads\/2017\/03\/interiores10-768x513.jpg 768w, https:\/\/fespa.es\/news\/wp-content\/uploads\/2017\/03\/interiores10-480x321.jpg 480w, https:\/\/fespa.es\/news\/wp-content\/uploads\/2017\/03\/interiores10-749x500.jpg 749w\" sizes=\"auto, (max-width: 1024px) 100vw, 1024px\" \/><\/a><\/p>\n<p><strong>Cer\u00e1mica<\/strong><\/p>\n<p>Existe la posibilidad de imprimir directamente sobre cer\u00e1mica y azulejo. Puedes personalizar la barra de un bar o restaurante con azulejos impresos, los aseos o alguna zona de cocina.<\/p>\n<p><a href=\"https:\/\/fespa.es\/news\/wp-content\/uploads\/2017\/03\/decorbalsodsas.jpg\" rel=\"attachment wp-att-237\"><img loading=\"lazy\" decoding=\"async\" class=\"aligncenter size-full wp-image-237\" src=\"https:\/\/fespa.es\/news\/wp-content\/uploads\/2017\/03\/decorbalsodsas.jpg\" alt=\"decorbalsodsas\" width=\"2592\" height=\"1572\" srcset=\"https:\/\/fespa.es\/news\/wp-content\/uploads\/2017\/03\/decorbalsodsas.jpg 2592w, https:\/\/fespa.es\/news\/wp-content\/uploads\/2017\/03\/decorbalsodsas-300x182.jpg 300w, https:\/\/fespa.es\/news\/wp-content\/uploads\/2017\/03\/decorbalsodsas-768x466.jpg 768w, https:\/\/fespa.es\/news\/wp-content\/uploads\/2017\/03\/decorbalsodsas-1024x621.jpg 1024w, https:\/\/fespa.es\/news\/wp-content\/uploads\/2017\/03\/decorbalsodsas-480x291.jpg 480w, https:\/\/fespa.es\/news\/wp-content\/uploads\/2017\/03\/decorbalsodsas-824x500.jpg 824w\" sizes=\"auto, (max-width: 2592px) 100vw, 2592px\" \/><\/a><\/p>\n<p>En espacios comerciales, residenciales o corporativos, el impacto de las diferentes t\u00e9cnicas de decoraci\u00f3n pueden transformar recintos y generar un impacto trascendental en las personas. La innovaci\u00f3n y creatividad siempre ser\u00e1n los mejores aliados para ser exitosos en un mercado competido y de constante cambio.<\/p>\n<p>Entre el 8 y el 12 de mayo de 2017, la comunidad global de las artes gr\u00e1ficas est\u00e1 invitada a visitar Printeriors 2017, localizado junto a FESPA 2017 y European Sign Expo.<\/p>\n<p>La exposici\u00f3n orientada al dise\u00f1o de interiores, mostrar\u00e1 en Hamburgo (Alemania) el asombroso potencial de la impresi\u00f3n para crear aplicaciones \u00fanicas en diferentes espacios.<\/p>\n<p>Este exclusivo evento, presentado como si fuese un hotel, permitir\u00e1 a proveedores de servicios de impresi\u00f3n, fabricantes de r\u00f3tulos, dise\u00f1adores de interiores y arquitectos descubrir c\u00f3mo pueden explotar este mercado y desarrollar nuevas oportunidades de negocio.<\/p>\n<p>Para m\u00e1s informaci\u00f3n sobre Printeriors 2017 y registrarse visite: printeriors.fespa.com. No olvide utilizar el c\u00f3digo PRNH710 para conseguir su acreditaci\u00f3n y ahorrarse los 70 euros de entrada a la feria.<\/p>\n<p>Agradecemos a Estampable su colaboraci\u00f3n en la elaboraci\u00f3n de este art\u00edculo.<\/p>\n<p>Fuente de im\u00e1genes y contenido: www.fespa.com\/es\/<\/p>\n","protected":false},"excerpt":{"rendered":"<p>Una de las grandes ventajas que posibilitan las nuevas soluciones de impresi\u00f3n y de acabado junto con los nuevos soportes en constante innovaci\u00f3n es que permiten crear espacios totalmente personalizados. En este reportaje te ponemos varios ejemplos de c\u00f3mo se est\u00e1 haciendo. El mundo de la impresi\u00f3n digital y rotulaci\u00f3n est\u00e1 en plena revoluci\u00f3n. Estas&hellip;<\/p>\n","protected":false},"author":1,"featured_media":239,"comment_status":"open","ping_status":"open","sticky":false,"template":"","format":"standard","meta":{"footnotes":""},"categories":[3],"tags":[],"class_list":["post-230","post","type-post","status-publish","format-standard","has-post-thumbnail","hentry","category-el-sector"],"yoast_head":"<!-- This site is optimized with the Yoast SEO plugin v25.8 - https:\/\/yoast.com\/wordpress\/plugins\/seo\/ -->\n<title>C\u00f3mo la impresi\u00f3n digital abre posibilidades en el dise\u00f1o de interiores - FESPA Espa\u00f1a Magazine<\/title>\n<meta name=\"robots\" content=\"index, follow, max-snippet:-1, max-image-preview:large, max-video-preview:-1\" \/>\n<link rel=\"canonical\" href=\"https:\/\/fespa.es\/news\/index.php\/2017\/03\/26\/como-la-impresion-digital-abre-posibilidades-en-el-diseno-de-interiores\/\" \/>\n<meta property=\"og:locale\" content=\"es_ES\" \/>\n<meta property=\"og:type\" content=\"article\" \/>\n<meta property=\"og:title\" content=\"C\u00f3mo la impresi\u00f3n digital abre posibilidades en el dise\u00f1o de interiores - FESPA Espa\u00f1a Magazine\" \/>\n<meta property=\"og:description\" content=\"Una de las grandes ventajas que posibilitan las nuevas soluciones de impresi\u00f3n y de acabado junto con los nuevos soportes en constante innovaci\u00f3n es que permiten crear espacios totalmente personalizados. En este reportaje te ponemos varios ejemplos de c\u00f3mo se est\u00e1 haciendo. El mundo de la impresi\u00f3n digital y rotulaci\u00f3n est\u00e1 en plena revoluci\u00f3n. Estas&hellip;\" \/>\n<meta property=\"og:url\" content=\"https:\/\/fespa.es\/news\/index.php\/2017\/03\/26\/como-la-impresion-digital-abre-posibilidades-en-el-diseno-de-interiores\/\" \/>\n<meta property=\"og:site_name\" content=\"FESPA Espa\u00f1a Magazine\" \/>\n<meta property=\"article:published_time\" content=\"2017-03-26T16:30:28+00:00\" \/>\n<meta property=\"article:modified_time\" content=\"2017-05-22T08:10:59+00:00\" \/>\n<meta property=\"og:image\" content=\"https:\/\/fespa.es\/news\/wp-content\/uploads\/2017\/03\/interiores1-1.jpg\" \/>\n\t<meta property=\"og:image:width\" content=\"1024\" \/>\n\t<meta property=\"og:image:height\" content=\"682\" \/>\n\t<meta property=\"og:image:type\" content=\"image\/jpeg\" \/>\n<meta name=\"author\" content=\"admin\" \/>\n<meta name=\"twitter:card\" content=\"summary_large_image\" \/>\n<meta name=\"twitter:label1\" content=\"Escrito por\" \/>\n\t<meta name=\"twitter:data1\" content=\"admin\" \/>\n\t<meta name=\"twitter:label2\" content=\"Tiempo de lectura\" \/>\n\t<meta name=\"twitter:data2\" content=\"4 minutos\" \/>\n<script type=\"application\/ld+json\" class=\"yoast-schema-graph\">{\"@context\":\"https:\/\/schema.org\",\"@graph\":[{\"@type\":\"WebPage\",\"@id\":\"https:\/\/fespa.es\/news\/index.php\/2017\/03\/26\/como-la-impresion-digital-abre-posibilidades-en-el-diseno-de-interiores\/\",\"url\":\"https:\/\/fespa.es\/news\/index.php\/2017\/03\/26\/como-la-impresion-digital-abre-posibilidades-en-el-diseno-de-interiores\/\",\"name\":\"C\u00f3mo la impresi\u00f3n digital abre posibilidades en el dise\u00f1o de interiores - FESPA Espa\u00f1a Magazine\",\"isPartOf\":{\"@id\":\"https:\/\/fespa.es\/news\/#website\"},\"primaryImageOfPage\":{\"@id\":\"https:\/\/fespa.es\/news\/index.php\/2017\/03\/26\/como-la-impresion-digital-abre-posibilidades-en-el-diseno-de-interiores\/#primaryimage\"},\"image\":{\"@id\":\"https:\/\/fespa.es\/news\/index.php\/2017\/03\/26\/como-la-impresion-digital-abre-posibilidades-en-el-diseno-de-interiores\/#primaryimage\"},\"thumbnailUrl\":\"https:\/\/fespa.es\/news\/wp-content\/uploads\/2017\/03\/interiores1-1.jpg\",\"datePublished\":\"2017-03-26T16:30:28+00:00\",\"dateModified\":\"2017-05-22T08:10:59+00:00\",\"author\":{\"@id\":\"https:\/\/fespa.es\/news\/#\/schema\/person\/0019098322836346476fc7dfdbd26d95\"},\"breadcrumb\":{\"@id\":\"https:\/\/fespa.es\/news\/index.php\/2017\/03\/26\/como-la-impresion-digital-abre-posibilidades-en-el-diseno-de-interiores\/#breadcrumb\"},\"inLanguage\":\"es\",\"potentialAction\":[{\"@type\":\"ReadAction\",\"target\":[\"https:\/\/fespa.es\/news\/index.php\/2017\/03\/26\/como-la-impresion-digital-abre-posibilidades-en-el-diseno-de-interiores\/\"]}]},{\"@type\":\"ImageObject\",\"inLanguage\":\"es\",\"@id\":\"https:\/\/fespa.es\/news\/index.php\/2017\/03\/26\/como-la-impresion-digital-abre-posibilidades-en-el-diseno-de-interiores\/#primaryimage\",\"url\":\"https:\/\/fespa.es\/news\/wp-content\/uploads\/2017\/03\/interiores1-1.jpg\",\"contentUrl\":\"https:\/\/fespa.es\/news\/wp-content\/uploads\/2017\/03\/interiores1-1.jpg\",\"width\":1024,\"height\":682},{\"@type\":\"BreadcrumbList\",\"@id\":\"https:\/\/fespa.es\/news\/index.php\/2017\/03\/26\/como-la-impresion-digital-abre-posibilidades-en-el-diseno-de-interiores\/#breadcrumb\",\"itemListElement\":[{\"@type\":\"ListItem\",\"position\":1,\"name\":\"Portada\",\"item\":\"https:\/\/fespa.es\/news\/\"},{\"@type\":\"ListItem\",\"position\":2,\"name\":\"C\u00f3mo la impresi\u00f3n digital abre posibilidades en el dise\u00f1o de interiores\"}]},{\"@type\":\"WebSite\",\"@id\":\"https:\/\/fespa.es\/news\/#website\",\"url\":\"https:\/\/fespa.es\/news\/\",\"name\":\"FESPA Espa\u00f1a Magazine\",\"description\":\"El Peri\u00f3dico de la industria de la comunicaci\u00f3n visual\",\"potentialAction\":[{\"@type\":\"SearchAction\",\"target\":{\"@type\":\"EntryPoint\",\"urlTemplate\":\"https:\/\/fespa.es\/news\/?s={search_term_string}\"},\"query-input\":{\"@type\":\"PropertyValueSpecification\",\"valueRequired\":true,\"valueName\":\"search_term_string\"}}],\"inLanguage\":\"es\"},{\"@type\":\"Person\",\"@id\":\"https:\/\/fespa.es\/news\/#\/schema\/person\/0019098322836346476fc7dfdbd26d95\",\"name\":\"admin\",\"image\":{\"@type\":\"ImageObject\",\"inLanguage\":\"es\",\"@id\":\"https:\/\/fespa.es\/news\/#\/schema\/person\/image\/\",\"url\":\"https:\/\/secure.gravatar.com\/avatar\/6a6c60542c39a2d052b8b1e8c5145e669bf888b9b229b3da0e43092daac8a32e?s=96&d=mm&r=g\",\"contentUrl\":\"https:\/\/secure.gravatar.com\/avatar\/6a6c60542c39a2d052b8b1e8c5145e669bf888b9b229b3da0e43092daac8a32e?s=96&d=mm&r=g\",\"caption\":\"admin\"},\"url\":\"https:\/\/fespa.es\/news\/index.php\/author\/admin\/\"}]}<\/script>\n<!-- \/ Yoast SEO plugin. -->","yoast_head_json":{"title":"C\u00f3mo la impresi\u00f3n digital abre posibilidades en el dise\u00f1o de interiores - FESPA Espa\u00f1a Magazine","robots":{"index":"index","follow":"follow","max-snippet":"max-snippet:-1","max-image-preview":"max-image-preview:large","max-video-preview":"max-video-preview:-1"},"canonical":"https:\/\/fespa.es\/news\/index.php\/2017\/03\/26\/como-la-impresion-digital-abre-posibilidades-en-el-diseno-de-interiores\/","og_locale":"es_ES","og_type":"article","og_title":"C\u00f3mo la impresi\u00f3n digital abre posibilidades en el dise\u00f1o de interiores - FESPA Espa\u00f1a Magazine","og_description":"Una de las grandes ventajas que posibilitan las nuevas soluciones de impresi\u00f3n y de acabado junto con los nuevos soportes en constante innovaci\u00f3n es que permiten crear espacios totalmente personalizados. En este reportaje te ponemos varios ejemplos de c\u00f3mo se est\u00e1 haciendo. El mundo de la impresi\u00f3n digital y rotulaci\u00f3n est\u00e1 en plena revoluci\u00f3n. Estas&hellip;","og_url":"https:\/\/fespa.es\/news\/index.php\/2017\/03\/26\/como-la-impresion-digital-abre-posibilidades-en-el-diseno-de-interiores\/","og_site_name":"FESPA Espa\u00f1a Magazine","article_published_time":"2017-03-26T16:30:28+00:00","article_modified_time":"2017-05-22T08:10:59+00:00","og_image":[{"width":1024,"height":682,"url":"https:\/\/fespa.es\/news\/wp-content\/uploads\/2017\/03\/interiores1-1.jpg","type":"image\/jpeg"}],"author":"admin","twitter_card":"summary_large_image","twitter_misc":{"Escrito por":"admin","Tiempo de lectura":"4 minutos"},"schema":{"@context":"https:\/\/schema.org","@graph":[{"@type":"WebPage","@id":"https:\/\/fespa.es\/news\/index.php\/2017\/03\/26\/como-la-impresion-digital-abre-posibilidades-en-el-diseno-de-interiores\/","url":"https:\/\/fespa.es\/news\/index.php\/2017\/03\/26\/como-la-impresion-digital-abre-posibilidades-en-el-diseno-de-interiores\/","name":"C\u00f3mo la impresi\u00f3n digital abre posibilidades en el dise\u00f1o de interiores - FESPA Espa\u00f1a Magazine","isPartOf":{"@id":"https:\/\/fespa.es\/news\/#website"},"primaryImageOfPage":{"@id":"https:\/\/fespa.es\/news\/index.php\/2017\/03\/26\/como-la-impresion-digital-abre-posibilidades-en-el-diseno-de-interiores\/#primaryimage"},"image":{"@id":"https:\/\/fespa.es\/news\/index.php\/2017\/03\/26\/como-la-impresion-digital-abre-posibilidades-en-el-diseno-de-interiores\/#primaryimage"},"thumbnailUrl":"https:\/\/fespa.es\/news\/wp-content\/uploads\/2017\/03\/interiores1-1.jpg","datePublished":"2017-03-26T16:30:28+00:00","dateModified":"2017-05-22T08:10:59+00:00","author":{"@id":"https:\/\/fespa.es\/news\/#\/schema\/person\/0019098322836346476fc7dfdbd26d95"},"breadcrumb":{"@id":"https:\/\/fespa.es\/news\/index.php\/2017\/03\/26\/como-la-impresion-digital-abre-posibilidades-en-el-diseno-de-interiores\/#breadcrumb"},"inLanguage":"es","potentialAction":[{"@type":"ReadAction","target":["https:\/\/fespa.es\/news\/index.php\/2017\/03\/26\/como-la-impresion-digital-abre-posibilidades-en-el-diseno-de-interiores\/"]}]},{"@type":"ImageObject","inLanguage":"es","@id":"https:\/\/fespa.es\/news\/index.php\/2017\/03\/26\/como-la-impresion-digital-abre-posibilidades-en-el-diseno-de-interiores\/#primaryimage","url":"https:\/\/fespa.es\/news\/wp-content\/uploads\/2017\/03\/interiores1-1.jpg","contentUrl":"https:\/\/fespa.es\/news\/wp-content\/uploads\/2017\/03\/interiores1-1.jpg","width":1024,"height":682},{"@type":"BreadcrumbList","@id":"https:\/\/fespa.es\/news\/index.php\/2017\/03\/26\/como-la-impresion-digital-abre-posibilidades-en-el-diseno-de-interiores\/#breadcrumb","itemListElement":[{"@type":"ListItem","position":1,"name":"Portada","item":"https:\/\/fespa.es\/news\/"},{"@type":"ListItem","position":2,"name":"C\u00f3mo la impresi\u00f3n digital abre posibilidades en el dise\u00f1o de interiores"}]},{"@type":"WebSite","@id":"https:\/\/fespa.es\/news\/#website","url":"https:\/\/fespa.es\/news\/","name":"FESPA Espa\u00f1a Magazine","description":"El Peri\u00f3dico de la industria de la comunicaci\u00f3n visual","potentialAction":[{"@type":"SearchAction","target":{"@type":"EntryPoint","urlTemplate":"https:\/\/fespa.es\/news\/?s={search_term_string}"},"query-input":{"@type":"PropertyValueSpecification","valueRequired":true,"valueName":"search_term_string"}}],"inLanguage":"es"},{"@type":"Person","@id":"https:\/\/fespa.es\/news\/#\/schema\/person\/0019098322836346476fc7dfdbd26d95","name":"admin","image":{"@type":"ImageObject","inLanguage":"es","@id":"https:\/\/fespa.es\/news\/#\/schema\/person\/image\/","url":"https:\/\/secure.gravatar.com\/avatar\/6a6c60542c39a2d052b8b1e8c5145e669bf888b9b229b3da0e43092daac8a32e?s=96&d=mm&r=g","contentUrl":"https:\/\/secure.gravatar.com\/avatar\/6a6c60542c39a2d052b8b1e8c5145e669bf888b9b229b3da0e43092daac8a32e?s=96&d=mm&r=g","caption":"admin"},"url":"https:\/\/fespa.es\/news\/index.php\/author\/admin\/"}]}},"_links":{"self":[{"href":"https:\/\/fespa.es\/news\/index.php\/wp-json\/wp\/v2\/posts\/230","targetHints":{"allow":["GET"]}}],"collection":[{"href":"https:\/\/fespa.es\/news\/index.php\/wp-json\/wp\/v2\/posts"}],"about":[{"href":"https:\/\/fespa.es\/news\/index.php\/wp-json\/wp\/v2\/types\/post"}],"author":[{"embeddable":true,"href":"https:\/\/fespa.es\/news\/index.php\/wp-json\/wp\/v2\/users\/1"}],"replies":[{"embeddable":true,"href":"https:\/\/fespa.es\/news\/index.php\/wp-json\/wp\/v2\/comments?post=230"}],"version-history":[{"count":1,"href":"https:\/\/fespa.es\/news\/index.php\/wp-json\/wp\/v2\/posts\/230\/revisions"}],"predecessor-version":[{"id":238,"href":"https:\/\/fespa.es\/news\/index.php\/wp-json\/wp\/v2\/posts\/230\/revisions\/238"}],"wp:featuredmedia":[{"embeddable":true,"href":"https:\/\/fespa.es\/news\/index.php\/wp-json\/wp\/v2\/media\/239"}],"wp:attachment":[{"href":"https:\/\/fespa.es\/news\/index.php\/wp-json\/wp\/v2\/media?parent=230"}],"wp:term":[{"taxonomy":"category","embeddable":true,"href":"https:\/\/fespa.es\/news\/index.php\/wp-json\/wp\/v2\/categories?post=230"},{"taxonomy":"post_tag","embeddable":true,"href":"https:\/\/fespa.es\/news\/index.php\/wp-json\/wp\/v2\/tags?post=230"}],"curies":[{"name":"wp","href":"https:\/\/api.w.org\/{rel}","templated":true}]}}