{"id":2221,"date":"2024-07-17T11:16:51","date_gmt":"2024-07-17T11:16:51","guid":{"rendered":"https:\/\/fespa.es\/news\/?p=2221"},"modified":"2024-07-17T11:16:56","modified_gmt":"2024-07-17T11:16:56","slug":"la-ix-edicion-de-los-premios-ramon-sayans","status":"publish","type":"post","link":"https:\/\/fespa.es\/news\/index.php\/2024\/07\/17\/la-ix-edicion-de-los-premios-ramon-sayans\/","title":{"rendered":"La IX edici\u00f3n de los Premios Ram\u00f3n Sayans"},"content":{"rendered":"\n<p>El plazo de inscripci\u00f3n para participar en los IX Premios Ram\u00f3n Sayans de FESPA Espa\u00f1a ya est\u00e1 abierto.<\/p>\n\n\n\n<p>Como ya sabes, estos premios reconocen a los mejores trabajos de la comunicaci\u00f3n visual del a\u00f1o. En esta nueva edici\u00f3n, hemos aumentado las categor\u00edas para que nuestros asociados se sientan a\u00fan m\u00e1s representados. Con esta ampliaci\u00f3n de categor\u00edas, buscamos destacar los trabajos m\u00e1s innovadores en comunicaci\u00f3n visual. Adem\u00e1s, los ganadores de esta edici\u00f3n participar\u00e1n directamente en los Premios Mundiales de FESPA, que se celebrar\u00e1n en la FESPA Global de Berl\u00edn 2025.<\/p>\n\n\n\n<p><strong>Descubre c\u00f3mo participar&nbsp;<\/strong><\/p>\n\n\n\n<p>Env\u00eda tus proyectos junto con una breve descripci\u00f3n y fotos o v\u00eddeos que los expliquen, para que el jurado pueda valorarlos adecuadamente. La fecha l\u00edmite para la participaci\u00f3n es el 30 de septiembre de 2024. Los galardones se entregar\u00e1n el 24 de octubre de 2024 durante el IX Congreso FESPA Espa\u00f1a, coincidiendo con la celebraci\u00f3n de nuestro 35 aniversario.<\/p>\n\n\n\n<p>\u00a1Participa y sigamos sumando por la comunicaci\u00f3n visual!<\/p>\n\n\n\n<p>Para m\u00e1s informaci\u00f3n sobre las bases del concurso y las diferentes categor\u00edas, visita nuestra web:&nbsp;<a href=\"https:\/\/fespa.es\/premiosfespaespanaramonsayans\/\">Premios Ram\u00f3n Sayans<\/a>.<\/p>\n\n\n\n<p><strong>\u00a1Inscr\u00edbete antes del 30 de septiembre de 2024 y forma parte del gran evento de la comunicaci\u00f3n visual!<\/strong><\/p>\n","protected":false},"excerpt":{"rendered":"<p>El plazo de inscripci\u00f3n para participar en los IX Premios Ram\u00f3n Sayans de FESPA Espa\u00f1a ya est\u00e1 abierto. Como ya sabes, estos premios reconocen a los mejores trabajos de la comunicaci\u00f3n visual del a\u00f1o. En esta nueva edici\u00f3n, hemos aumentado las categor\u00edas para que nuestros asociados se sientan a\u00fan m\u00e1s representados. Con esta ampliaci\u00f3n de&hellip;<\/p>\n","protected":false},"author":1,"featured_media":2222,"comment_status":"closed","ping_status":"closed","sticky":false,"template":"","format":"standard","meta":{"footnotes":""},"categories":[8,9,14],"tags":[],"class_list":["post-2221","post","type-post","status-publish","format-standard","has-post-thumbnail","hentry","category-eventos","category-fespa","category-noticias"],"yoast_head":"<!-- This site is optimized with the Yoast SEO plugin v25.8 - https:\/\/yoast.com\/wordpress\/plugins\/seo\/ -->\n<title>La IX edici\u00f3n de los Premios Ram\u00f3n Sayans - FESPA Espa\u00f1a Magazine<\/title>\n<meta name=\"description\" content=\"FESPA Espa\u00f1a presenta la IX edici\u00f3n de los premios Ram\u00f3n Sayans. El plazo de inscripci\u00f3n para participar ya est\u00e1 abierto.\" \/>\n<meta name=\"robots\" content=\"index, follow, max-snippet:-1, max-image-preview:large, max-video-preview:-1\" \/>\n<link rel=\"canonical\" href=\"https:\/\/fespa.es\/news\/index.php\/2024\/07\/17\/la-ix-edicion-de-los-premios-ramon-sayans\/\" \/>\n<meta property=\"og:locale\" content=\"es_ES\" \/>\n<meta property=\"og:type\" content=\"article\" \/>\n<meta property=\"og:title\" content=\"La IX edici\u00f3n de los Premios Ram\u00f3n Sayans - FESPA Espa\u00f1a Magazine\" \/>\n<meta property=\"og:description\" content=\"FESPA Espa\u00f1a presenta la IX edici\u00f3n de los premios Ram\u00f3n Sayans. El plazo de inscripci\u00f3n para participar ya est\u00e1 abierto.\" \/>\n<meta property=\"og:url\" content=\"https:\/\/fespa.es\/news\/index.php\/2024\/07\/17\/la-ix-edicion-de-los-premios-ramon-sayans\/\" \/>\n<meta property=\"og:site_name\" content=\"FESPA Espa\u00f1a Magazine\" \/>\n<meta property=\"article:published_time\" content=\"2024-07-17T11:16:51+00:00\" \/>\n<meta property=\"article:modified_time\" content=\"2024-07-17T11:16:56+00:00\" \/>\n<meta property=\"og:image\" content=\"https:\/\/fespa.es\/news\/wp-content\/uploads\/2024\/07\/Logo-Ramon-Sayans-OK-1024x996.jpg\" \/>\n\t<meta property=\"og:image:width\" content=\"1024\" \/>\n\t<meta property=\"og:image:height\" content=\"996\" \/>\n\t<meta property=\"og:image:type\" content=\"image\/jpeg\" \/>\n<meta name=\"author\" content=\"admin\" \/>\n<meta name=\"twitter:card\" content=\"summary_large_image\" \/>\n<meta name=\"twitter:label1\" content=\"Escrito por\" \/>\n\t<meta name=\"twitter:data1\" content=\"admin\" \/>\n\t<meta name=\"twitter:label2\" content=\"Tiempo de lectura\" \/>\n\t<meta name=\"twitter:data2\" content=\"1 minuto\" \/>\n<script type=\"application\/ld+json\" class=\"yoast-schema-graph\">{\"@context\":\"https:\/\/schema.org\",\"@graph\":[{\"@type\":\"WebPage\",\"@id\":\"https:\/\/fespa.es\/news\/index.php\/2024\/07\/17\/la-ix-edicion-de-los-premios-ramon-sayans\/\",\"url\":\"https:\/\/fespa.es\/news\/index.php\/2024\/07\/17\/la-ix-edicion-de-los-premios-ramon-sayans\/\",\"name\":\"La IX edici\u00f3n de los Premios Ram\u00f3n Sayans - FESPA Espa\u00f1a Magazine\",\"isPartOf\":{\"@id\":\"https:\/\/fespa.es\/news\/#website\"},\"primaryImageOfPage\":{\"@id\":\"https:\/\/fespa.es\/news\/index.php\/2024\/07\/17\/la-ix-edicion-de-los-premios-ramon-sayans\/#primaryimage\"},\"image\":{\"@id\":\"https:\/\/fespa.es\/news\/index.php\/2024\/07\/17\/la-ix-edicion-de-los-premios-ramon-sayans\/#primaryimage\"},\"thumbnailUrl\":\"https:\/\/fespa.es\/news\/wp-content\/uploads\/2024\/07\/Logo-Ramon-Sayans-OK-scaled.jpg\",\"datePublished\":\"2024-07-17T11:16:51+00:00\",\"dateModified\":\"2024-07-17T11:16:56+00:00\",\"author\":{\"@id\":\"https:\/\/fespa.es\/news\/#\/schema\/person\/0019098322836346476fc7dfdbd26d95\"},\"description\":\"FESPA Espa\u00f1a presenta la IX edici\u00f3n de los premios Ram\u00f3n Sayans. El plazo de inscripci\u00f3n para participar ya est\u00e1 abierto.\",\"breadcrumb\":{\"@id\":\"https:\/\/fespa.es\/news\/index.php\/2024\/07\/17\/la-ix-edicion-de-los-premios-ramon-sayans\/#breadcrumb\"},\"inLanguage\":\"es\",\"potentialAction\":[{\"@type\":\"ReadAction\",\"target\":[\"https:\/\/fespa.es\/news\/index.php\/2024\/07\/17\/la-ix-edicion-de-los-premios-ramon-sayans\/\"]}]},{\"@type\":\"ImageObject\",\"inLanguage\":\"es\",\"@id\":\"https:\/\/fespa.es\/news\/index.php\/2024\/07\/17\/la-ix-edicion-de-los-premios-ramon-sayans\/#primaryimage\",\"url\":\"https:\/\/fespa.es\/news\/wp-content\/uploads\/2024\/07\/Logo-Ramon-Sayans-OK-scaled.jpg\",\"contentUrl\":\"https:\/\/fespa.es\/news\/wp-content\/uploads\/2024\/07\/Logo-Ramon-Sayans-OK-scaled.jpg\",\"width\":2560,\"height\":2490},{\"@type\":\"BreadcrumbList\",\"@id\":\"https:\/\/fespa.es\/news\/index.php\/2024\/07\/17\/la-ix-edicion-de-los-premios-ramon-sayans\/#breadcrumb\",\"itemListElement\":[{\"@type\":\"ListItem\",\"position\":1,\"name\":\"Portada\",\"item\":\"https:\/\/fespa.es\/news\/\"},{\"@type\":\"ListItem\",\"position\":2,\"name\":\"La IX edici\u00f3n de los Premios Ram\u00f3n Sayans\"}]},{\"@type\":\"WebSite\",\"@id\":\"https:\/\/fespa.es\/news\/#website\",\"url\":\"https:\/\/fespa.es\/news\/\",\"name\":\"FESPA Espa\u00f1a Magazine\",\"description\":\"El Peri\u00f3dico de la industria de la comunicaci\u00f3n visual\",\"potentialAction\":[{\"@type\":\"SearchAction\",\"target\":{\"@type\":\"EntryPoint\",\"urlTemplate\":\"https:\/\/fespa.es\/news\/?s={search_term_string}\"},\"query-input\":{\"@type\":\"PropertyValueSpecification\",\"valueRequired\":true,\"valueName\":\"search_term_string\"}}],\"inLanguage\":\"es\"},{\"@type\":\"Person\",\"@id\":\"https:\/\/fespa.es\/news\/#\/schema\/person\/0019098322836346476fc7dfdbd26d95\",\"name\":\"admin\",\"image\":{\"@type\":\"ImageObject\",\"inLanguage\":\"es\",\"@id\":\"https:\/\/fespa.es\/news\/#\/schema\/person\/image\/\",\"url\":\"https:\/\/secure.gravatar.com\/avatar\/6a6c60542c39a2d052b8b1e8c5145e669bf888b9b229b3da0e43092daac8a32e?s=96&d=mm&r=g\",\"contentUrl\":\"https:\/\/secure.gravatar.com\/avatar\/6a6c60542c39a2d052b8b1e8c5145e669bf888b9b229b3da0e43092daac8a32e?s=96&d=mm&r=g\",\"caption\":\"admin\"},\"url\":\"https:\/\/fespa.es\/news\/index.php\/author\/admin\/\"}]}<\/script>\n<!-- \/ Yoast SEO plugin. -->","yoast_head_json":{"title":"La IX edici\u00f3n de los Premios Ram\u00f3n Sayans - FESPA Espa\u00f1a Magazine","description":"FESPA Espa\u00f1a presenta la IX edici\u00f3n de los premios Ram\u00f3n Sayans. El plazo de inscripci\u00f3n para participar ya est\u00e1 abierto.","robots":{"index":"index","follow":"follow","max-snippet":"max-snippet:-1","max-image-preview":"max-image-preview:large","max-video-preview":"max-video-preview:-1"},"canonical":"https:\/\/fespa.es\/news\/index.php\/2024\/07\/17\/la-ix-edicion-de-los-premios-ramon-sayans\/","og_locale":"es_ES","og_type":"article","og_title":"La IX edici\u00f3n de los Premios Ram\u00f3n Sayans - FESPA Espa\u00f1a Magazine","og_description":"FESPA Espa\u00f1a presenta la IX edici\u00f3n de los premios Ram\u00f3n Sayans. El plazo de inscripci\u00f3n para participar ya est\u00e1 abierto.","og_url":"https:\/\/fespa.es\/news\/index.php\/2024\/07\/17\/la-ix-edicion-de-los-premios-ramon-sayans\/","og_site_name":"FESPA Espa\u00f1a Magazine","article_published_time":"2024-07-17T11:16:51+00:00","article_modified_time":"2024-07-17T11:16:56+00:00","og_image":[{"width":1024,"height":996,"url":"https:\/\/fespa.es\/news\/wp-content\/uploads\/2024\/07\/Logo-Ramon-Sayans-OK-1024x996.jpg","type":"image\/jpeg"}],"author":"admin","twitter_card":"summary_large_image","twitter_misc":{"Escrito por":"admin","Tiempo de lectura":"1 minuto"},"schema":{"@context":"https:\/\/schema.org","@graph":[{"@type":"WebPage","@id":"https:\/\/fespa.es\/news\/index.php\/2024\/07\/17\/la-ix-edicion-de-los-premios-ramon-sayans\/","url":"https:\/\/fespa.es\/news\/index.php\/2024\/07\/17\/la-ix-edicion-de-los-premios-ramon-sayans\/","name":"La IX edici\u00f3n de los Premios Ram\u00f3n Sayans - FESPA Espa\u00f1a Magazine","isPartOf":{"@id":"https:\/\/fespa.es\/news\/#website"},"primaryImageOfPage":{"@id":"https:\/\/fespa.es\/news\/index.php\/2024\/07\/17\/la-ix-edicion-de-los-premios-ramon-sayans\/#primaryimage"},"image":{"@id":"https:\/\/fespa.es\/news\/index.php\/2024\/07\/17\/la-ix-edicion-de-los-premios-ramon-sayans\/#primaryimage"},"thumbnailUrl":"https:\/\/fespa.es\/news\/wp-content\/uploads\/2024\/07\/Logo-Ramon-Sayans-OK-scaled.jpg","datePublished":"2024-07-17T11:16:51+00:00","dateModified":"2024-07-17T11:16:56+00:00","author":{"@id":"https:\/\/fespa.es\/news\/#\/schema\/person\/0019098322836346476fc7dfdbd26d95"},"description":"FESPA Espa\u00f1a presenta la IX edici\u00f3n de los premios Ram\u00f3n Sayans. El plazo de inscripci\u00f3n para participar ya est\u00e1 abierto.","breadcrumb":{"@id":"https:\/\/fespa.es\/news\/index.php\/2024\/07\/17\/la-ix-edicion-de-los-premios-ramon-sayans\/#breadcrumb"},"inLanguage":"es","potentialAction":[{"@type":"ReadAction","target":["https:\/\/fespa.es\/news\/index.php\/2024\/07\/17\/la-ix-edicion-de-los-premios-ramon-sayans\/"]}]},{"@type":"ImageObject","inLanguage":"es","@id":"https:\/\/fespa.es\/news\/index.php\/2024\/07\/17\/la-ix-edicion-de-los-premios-ramon-sayans\/#primaryimage","url":"https:\/\/fespa.es\/news\/wp-content\/uploads\/2024\/07\/Logo-Ramon-Sayans-OK-scaled.jpg","contentUrl":"https:\/\/fespa.es\/news\/wp-content\/uploads\/2024\/07\/Logo-Ramon-Sayans-OK-scaled.jpg","width":2560,"height":2490},{"@type":"BreadcrumbList","@id":"https:\/\/fespa.es\/news\/index.php\/2024\/07\/17\/la-ix-edicion-de-los-premios-ramon-sayans\/#breadcrumb","itemListElement":[{"@type":"ListItem","position":1,"name":"Portada","item":"https:\/\/fespa.es\/news\/"},{"@type":"ListItem","position":2,"name":"La IX edici\u00f3n de los Premios Ram\u00f3n Sayans"}]},{"@type":"WebSite","@id":"https:\/\/fespa.es\/news\/#website","url":"https:\/\/fespa.es\/news\/","name":"FESPA Espa\u00f1a Magazine","description":"El Peri\u00f3dico de la industria de la comunicaci\u00f3n visual","potentialAction":[{"@type":"SearchAction","target":{"@type":"EntryPoint","urlTemplate":"https:\/\/fespa.es\/news\/?s={search_term_string}"},"query-input":{"@type":"PropertyValueSpecification","valueRequired":true,"valueName":"search_term_string"}}],"inLanguage":"es"},{"@type":"Person","@id":"https:\/\/fespa.es\/news\/#\/schema\/person\/0019098322836346476fc7dfdbd26d95","name":"admin","image":{"@type":"ImageObject","inLanguage":"es","@id":"https:\/\/fespa.es\/news\/#\/schema\/person\/image\/","url":"https:\/\/secure.gravatar.com\/avatar\/6a6c60542c39a2d052b8b1e8c5145e669bf888b9b229b3da0e43092daac8a32e?s=96&d=mm&r=g","contentUrl":"https:\/\/secure.gravatar.com\/avatar\/6a6c60542c39a2d052b8b1e8c5145e669bf888b9b229b3da0e43092daac8a32e?s=96&d=mm&r=g","caption":"admin"},"url":"https:\/\/fespa.es\/news\/index.php\/author\/admin\/"}]}},"_links":{"self":[{"href":"https:\/\/fespa.es\/news\/index.php\/wp-json\/wp\/v2\/posts\/2221","targetHints":{"allow":["GET"]}}],"collection":[{"href":"https:\/\/fespa.es\/news\/index.php\/wp-json\/wp\/v2\/posts"}],"about":[{"href":"https:\/\/fespa.es\/news\/index.php\/wp-json\/wp\/v2\/types\/post"}],"author":[{"embeddable":true,"href":"https:\/\/fespa.es\/news\/index.php\/wp-json\/wp\/v2\/users\/1"}],"replies":[{"embeddable":true,"href":"https:\/\/fespa.es\/news\/index.php\/wp-json\/wp\/v2\/comments?post=2221"}],"version-history":[{"count":1,"href":"https:\/\/fespa.es\/news\/index.php\/wp-json\/wp\/v2\/posts\/2221\/revisions"}],"predecessor-version":[{"id":2223,"href":"https:\/\/fespa.es\/news\/index.php\/wp-json\/wp\/v2\/posts\/2221\/revisions\/2223"}],"wp:featuredmedia":[{"embeddable":true,"href":"https:\/\/fespa.es\/news\/index.php\/wp-json\/wp\/v2\/media\/2222"}],"wp:attachment":[{"href":"https:\/\/fespa.es\/news\/index.php\/wp-json\/wp\/v2\/media?parent=2221"}],"wp:term":[{"taxonomy":"category","embeddable":true,"href":"https:\/\/fespa.es\/news\/index.php\/wp-json\/wp\/v2\/categories?post=2221"},{"taxonomy":"post_tag","embeddable":true,"href":"https:\/\/fespa.es\/news\/index.php\/wp-json\/wp\/v2\/tags?post=2221"}],"curies":[{"name":"wp","href":"https:\/\/api.w.org\/{rel}","templated":true}]}}