{"id":2176,"date":"2024-04-24T13:47:17","date_gmt":"2024-04-24T13:47:17","guid":{"rendered":"https:\/\/fespa.es\/news\/?p=2176"},"modified":"2024-05-09T15:20:01","modified_gmt":"2024-05-09T15:20:01","slug":"el-sector-de-la-comunicacion-visual-en-espana-optimismo-y-crecimiento","status":"publish","type":"post","link":"https:\/\/fespa.es\/news\/index.php\/2024\/04\/24\/el-sector-de-la-comunicacion-visual-en-espana-optimismo-y-crecimiento\/","title":{"rendered":"<strong>El sector de la comunicaci\u00f3n visual en Espa\u00f1a: optimismo y crecimiento<\/strong>"},"content":{"rendered":"\n<p>C!Print Madrid, en colaboraci\u00f3n con FESPA Espa\u00f1a, ha realizado una encuesta dirigida a proveedores de servicios de impresi\u00f3n de gran y medio formato en Espa\u00f1a. Esta encuesta ten\u00eda como objetivo obtener informaci\u00f3n sobre las perspectivas de crecimiento del sector de la comunicaci\u00f3n visual.&nbsp;<\/p>\n\n\n\n<p>Los resultados de la encuesta, que representan una muestra significativa del 10% de las empresas del sector en Espa\u00f1a, desvelan conclusiones reveladoras sobre la situaci\u00f3n actual y las proyecciones futuras de las empresas de impresi\u00f3n del pa\u00eds.&nbsp;<\/p>\n\n\n\n<p>Seg\u00fan Pablo Serrano, secretario general de FESPA Espa\u00f1a,&nbsp;<em>\u00abEl sector de la comunicaci\u00f3n visual en Espa\u00f1a viene realizando un esfuerzo de recuperaci\u00f3n tras la pandemia y las sucesivas crisis econ\u00f3micas derivadas de la situaci\u00f3n geopol\u00edtica y el alza de las materias primas que se ve reflejado en este estudio donde se muestran unos valores altamente positivos de crecimiento para los pr\u00f3ximos dos a\u00f1os y la apuesta de las empresas del sector por inversiones en digitalizaci\u00f3n, nuevo talento, sostenibilidad y econom\u00eda circular.\u00bb<\/em><\/p>\n\n\n\n<p>La encuesta aborda una variedad de temas relevantes para el sector, incluidos los principales sectores de actividad, los ingresos generados en el \u00faltimo a\u00f1o, las previsiones de crecimiento de ingresos para los pr\u00f3ximos dos a\u00f1os y los planes de transformaci\u00f3n empresarial, entre otros aspectos.&nbsp;<\/p>\n\n\n\n<p>Alguna de las conclusiones m\u00e1s relevantes de la encuesta que cabe destacar es la proyecci\u00f3n de crecimiento anual para los pr\u00f3ximos dos a\u00f1os del 13%. Al desglosarlo por tama\u00f1o de empresa, las peque\u00f1as empresas anticipan el mayor crecimiento, con un 14%, seguidas de las medianas y grandes empresas que pronostican un 10,5% y un 13,6%, respectivamente.&nbsp;<\/p>\n\n\n\n<p>Por otro lado, se identifica que los factores m\u00e1s importantes para el \u00e9xito empresarial incluyen una \u00f3ptima relaci\u00f3n con el cliente, la innovaci\u00f3n y la organizaci\u00f3n interna.&nbsp;<\/p>\n\n\n\n<p>Adem\u00e1s, el estudio clasifica la renovaci\u00f3n de maquinaria como uno de los grandes retos para las empresas. Sin embargo, se prev\u00e9 un incremento notable en la intenci\u00f3n de inversi\u00f3n en \u00e1reas como la automatizaci\u00f3n y la inversi\u00f3n.&nbsp;<\/p>\n\n\n\n<p>En resumen, la encuesta realizada por C!Print Madrid en colaboraci\u00f3n con FESPA Espa\u00f1a ofrece una visi\u00f3n integral de las perspectivas y desaf\u00edos del sector de la comunicaci\u00f3n visual en Espa\u00f1a, destacando un panorama de crecimiento y optimismo respaldado por inversiones en innovaci\u00f3n y sostenibilidad.<\/p>\n\n\n\n<p>Pr\u00f3ximamente desde FESPA Espa\u00f1a se enviar\u00e1 el informe completo a todos los asociados y socios colaboradores de la asociaci\u00f3n.<\/p>\n","protected":false},"excerpt":{"rendered":"<p>C!Print Madrid, en colaboraci\u00f3n con FESPA Espa\u00f1a, ha realizado una encuesta dirigida a proveedores de servicios de impresi\u00f3n de gran y medio formato en Espa\u00f1a. Esta encuesta ten\u00eda como objetivo obtener informaci\u00f3n sobre las perspectivas de crecimiento del sector de la comunicaci\u00f3n visual.&nbsp; Los resultados de la encuesta, que representan una muestra significativa del 10%&hellip;<\/p>\n","protected":false},"author":1,"featured_media":2177,"comment_status":"closed","ping_status":"closed","sticky":true,"template":"","format":"standard","meta":{"footnotes":""},"categories":[3,14],"tags":[],"class_list":["post-2176","post","type-post","status-publish","format-standard","has-post-thumbnail","hentry","category-el-sector","category-noticias"],"yoast_head":"<!-- This site is optimized with the Yoast SEO plugin v25.8 - https:\/\/yoast.com\/wordpress\/plugins\/seo\/ -->\n<title>El sector de la comunicaci\u00f3n visual en Espa\u00f1a: optimismo y crecimiento - FESPA Espa\u00f1a Magazine<\/title>\n<meta name=\"description\" content=\"FESPA Espa\u00f1a, en colaboraci\u00f3n con C!Print, realiza una encuesta para conocer m\u00e1s informaci\u00f3n sobre el sector de la comunicaci\u00f3n visual.\" \/>\n<meta name=\"robots\" content=\"index, follow, max-snippet:-1, max-image-preview:large, max-video-preview:-1\" \/>\n<link rel=\"canonical\" href=\"https:\/\/fespa.es\/news\/index.php\/2024\/04\/24\/el-sector-de-la-comunicacion-visual-en-espana-optimismo-y-crecimiento\/\" \/>\n<meta property=\"og:locale\" content=\"es_ES\" \/>\n<meta property=\"og:type\" content=\"article\" \/>\n<meta property=\"og:title\" content=\"El sector de la comunicaci\u00f3n visual en Espa\u00f1a: optimismo y crecimiento - FESPA Espa\u00f1a Magazine\" \/>\n<meta property=\"og:description\" content=\"FESPA Espa\u00f1a, en colaboraci\u00f3n con C!Print, realiza una encuesta para conocer m\u00e1s informaci\u00f3n sobre el sector de la comunicaci\u00f3n visual.\" \/>\n<meta property=\"og:url\" content=\"https:\/\/fespa.es\/news\/index.php\/2024\/04\/24\/el-sector-de-la-comunicacion-visual-en-espana-optimismo-y-crecimiento\/\" \/>\n<meta property=\"og:site_name\" content=\"FESPA Espa\u00f1a Magazine\" \/>\n<meta property=\"article:published_time\" content=\"2024-04-24T13:47:17+00:00\" \/>\n<meta property=\"article:modified_time\" content=\"2024-05-09T15:20:01+00:00\" \/>\n<meta property=\"og:image\" content=\"https:\/\/fespa.es\/news\/wp-content\/uploads\/2024\/04\/Resultados-Encuesta_detalle-aplicacion_2.jpg\" \/>\n\t<meta property=\"og:image:width\" content=\"1000\" \/>\n\t<meta property=\"og:image:height\" content=\"650\" \/>\n\t<meta property=\"og:image:type\" content=\"image\/jpeg\" \/>\n<meta name=\"author\" content=\"admin\" \/>\n<meta name=\"twitter:card\" content=\"summary_large_image\" \/>\n<meta name=\"twitter:label1\" content=\"Escrito por\" \/>\n\t<meta name=\"twitter:data1\" content=\"admin\" \/>\n\t<meta name=\"twitter:label2\" content=\"Tiempo de lectura\" \/>\n\t<meta name=\"twitter:data2\" content=\"2 minutos\" \/>\n<script type=\"application\/ld+json\" class=\"yoast-schema-graph\">{\"@context\":\"https:\/\/schema.org\",\"@graph\":[{\"@type\":\"WebPage\",\"@id\":\"https:\/\/fespa.es\/news\/index.php\/2024\/04\/24\/el-sector-de-la-comunicacion-visual-en-espana-optimismo-y-crecimiento\/\",\"url\":\"https:\/\/fespa.es\/news\/index.php\/2024\/04\/24\/el-sector-de-la-comunicacion-visual-en-espana-optimismo-y-crecimiento\/\",\"name\":\"El sector de la comunicaci\u00f3n visual en Espa\u00f1a: optimismo y crecimiento - FESPA Espa\u00f1a Magazine\",\"isPartOf\":{\"@id\":\"https:\/\/fespa.es\/news\/#website\"},\"primaryImageOfPage\":{\"@id\":\"https:\/\/fespa.es\/news\/index.php\/2024\/04\/24\/el-sector-de-la-comunicacion-visual-en-espana-optimismo-y-crecimiento\/#primaryimage\"},\"image\":{\"@id\":\"https:\/\/fespa.es\/news\/index.php\/2024\/04\/24\/el-sector-de-la-comunicacion-visual-en-espana-optimismo-y-crecimiento\/#primaryimage\"},\"thumbnailUrl\":\"https:\/\/fespa.es\/news\/wp-content\/uploads\/2024\/04\/Resultados-Encuesta_detalle-aplicacion_2.jpg\",\"datePublished\":\"2024-04-24T13:47:17+00:00\",\"dateModified\":\"2024-05-09T15:20:01+00:00\",\"author\":{\"@id\":\"https:\/\/fespa.es\/news\/#\/schema\/person\/0019098322836346476fc7dfdbd26d95\"},\"description\":\"FESPA Espa\u00f1a, en colaboraci\u00f3n con C!Print, realiza una encuesta para conocer m\u00e1s informaci\u00f3n sobre el sector de la comunicaci\u00f3n visual.\",\"breadcrumb\":{\"@id\":\"https:\/\/fespa.es\/news\/index.php\/2024\/04\/24\/el-sector-de-la-comunicacion-visual-en-espana-optimismo-y-crecimiento\/#breadcrumb\"},\"inLanguage\":\"es\",\"potentialAction\":[{\"@type\":\"ReadAction\",\"target\":[\"https:\/\/fespa.es\/news\/index.php\/2024\/04\/24\/el-sector-de-la-comunicacion-visual-en-espana-optimismo-y-crecimiento\/\"]}]},{\"@type\":\"ImageObject\",\"inLanguage\":\"es\",\"@id\":\"https:\/\/fespa.es\/news\/index.php\/2024\/04\/24\/el-sector-de-la-comunicacion-visual-en-espana-optimismo-y-crecimiento\/#primaryimage\",\"url\":\"https:\/\/fespa.es\/news\/wp-content\/uploads\/2024\/04\/Resultados-Encuesta_detalle-aplicacion_2.jpg\",\"contentUrl\":\"https:\/\/fespa.es\/news\/wp-content\/uploads\/2024\/04\/Resultados-Encuesta_detalle-aplicacion_2.jpg\",\"width\":1000,\"height\":650},{\"@type\":\"BreadcrumbList\",\"@id\":\"https:\/\/fespa.es\/news\/index.php\/2024\/04\/24\/el-sector-de-la-comunicacion-visual-en-espana-optimismo-y-crecimiento\/#breadcrumb\",\"itemListElement\":[{\"@type\":\"ListItem\",\"position\":1,\"name\":\"Portada\",\"item\":\"https:\/\/fespa.es\/news\/\"},{\"@type\":\"ListItem\",\"position\":2,\"name\":\"El sector de la comunicaci\u00f3n visual en Espa\u00f1a: optimismo y crecimiento\"}]},{\"@type\":\"WebSite\",\"@id\":\"https:\/\/fespa.es\/news\/#website\",\"url\":\"https:\/\/fespa.es\/news\/\",\"name\":\"FESPA Espa\u00f1a Magazine\",\"description\":\"El Peri\u00f3dico de la industria de la comunicaci\u00f3n visual\",\"potentialAction\":[{\"@type\":\"SearchAction\",\"target\":{\"@type\":\"EntryPoint\",\"urlTemplate\":\"https:\/\/fespa.es\/news\/?s={search_term_string}\"},\"query-input\":{\"@type\":\"PropertyValueSpecification\",\"valueRequired\":true,\"valueName\":\"search_term_string\"}}],\"inLanguage\":\"es\"},{\"@type\":\"Person\",\"@id\":\"https:\/\/fespa.es\/news\/#\/schema\/person\/0019098322836346476fc7dfdbd26d95\",\"name\":\"admin\",\"image\":{\"@type\":\"ImageObject\",\"inLanguage\":\"es\",\"@id\":\"https:\/\/fespa.es\/news\/#\/schema\/person\/image\/\",\"url\":\"https:\/\/secure.gravatar.com\/avatar\/6a6c60542c39a2d052b8b1e8c5145e669bf888b9b229b3da0e43092daac8a32e?s=96&d=mm&r=g\",\"contentUrl\":\"https:\/\/secure.gravatar.com\/avatar\/6a6c60542c39a2d052b8b1e8c5145e669bf888b9b229b3da0e43092daac8a32e?s=96&d=mm&r=g\",\"caption\":\"admin\"},\"url\":\"https:\/\/fespa.es\/news\/index.php\/author\/admin\/\"}]}<\/script>\n<!-- \/ Yoast SEO plugin. -->","yoast_head_json":{"title":"El sector de la comunicaci\u00f3n visual en Espa\u00f1a: optimismo y crecimiento - FESPA Espa\u00f1a Magazine","description":"FESPA Espa\u00f1a, en colaboraci\u00f3n con C!Print, realiza una encuesta para conocer m\u00e1s informaci\u00f3n sobre el sector de la comunicaci\u00f3n visual.","robots":{"index":"index","follow":"follow","max-snippet":"max-snippet:-1","max-image-preview":"max-image-preview:large","max-video-preview":"max-video-preview:-1"},"canonical":"https:\/\/fespa.es\/news\/index.php\/2024\/04\/24\/el-sector-de-la-comunicacion-visual-en-espana-optimismo-y-crecimiento\/","og_locale":"es_ES","og_type":"article","og_title":"El sector de la comunicaci\u00f3n visual en Espa\u00f1a: optimismo y crecimiento - FESPA Espa\u00f1a Magazine","og_description":"FESPA Espa\u00f1a, en colaboraci\u00f3n con C!Print, realiza una encuesta para conocer m\u00e1s informaci\u00f3n sobre el sector de la comunicaci\u00f3n visual.","og_url":"https:\/\/fespa.es\/news\/index.php\/2024\/04\/24\/el-sector-de-la-comunicacion-visual-en-espana-optimismo-y-crecimiento\/","og_site_name":"FESPA Espa\u00f1a Magazine","article_published_time":"2024-04-24T13:47:17+00:00","article_modified_time":"2024-05-09T15:20:01+00:00","og_image":[{"width":1000,"height":650,"url":"https:\/\/fespa.es\/news\/wp-content\/uploads\/2024\/04\/Resultados-Encuesta_detalle-aplicacion_2.jpg","type":"image\/jpeg"}],"author":"admin","twitter_card":"summary_large_image","twitter_misc":{"Escrito por":"admin","Tiempo de lectura":"2 minutos"},"schema":{"@context":"https:\/\/schema.org","@graph":[{"@type":"WebPage","@id":"https:\/\/fespa.es\/news\/index.php\/2024\/04\/24\/el-sector-de-la-comunicacion-visual-en-espana-optimismo-y-crecimiento\/","url":"https:\/\/fespa.es\/news\/index.php\/2024\/04\/24\/el-sector-de-la-comunicacion-visual-en-espana-optimismo-y-crecimiento\/","name":"El sector de la comunicaci\u00f3n visual en Espa\u00f1a: optimismo y crecimiento - FESPA Espa\u00f1a Magazine","isPartOf":{"@id":"https:\/\/fespa.es\/news\/#website"},"primaryImageOfPage":{"@id":"https:\/\/fespa.es\/news\/index.php\/2024\/04\/24\/el-sector-de-la-comunicacion-visual-en-espana-optimismo-y-crecimiento\/#primaryimage"},"image":{"@id":"https:\/\/fespa.es\/news\/index.php\/2024\/04\/24\/el-sector-de-la-comunicacion-visual-en-espana-optimismo-y-crecimiento\/#primaryimage"},"thumbnailUrl":"https:\/\/fespa.es\/news\/wp-content\/uploads\/2024\/04\/Resultados-Encuesta_detalle-aplicacion_2.jpg","datePublished":"2024-04-24T13:47:17+00:00","dateModified":"2024-05-09T15:20:01+00:00","author":{"@id":"https:\/\/fespa.es\/news\/#\/schema\/person\/0019098322836346476fc7dfdbd26d95"},"description":"FESPA Espa\u00f1a, en colaboraci\u00f3n con C!Print, realiza una encuesta para conocer m\u00e1s informaci\u00f3n sobre el sector de la comunicaci\u00f3n visual.","breadcrumb":{"@id":"https:\/\/fespa.es\/news\/index.php\/2024\/04\/24\/el-sector-de-la-comunicacion-visual-en-espana-optimismo-y-crecimiento\/#breadcrumb"},"inLanguage":"es","potentialAction":[{"@type":"ReadAction","target":["https:\/\/fespa.es\/news\/index.php\/2024\/04\/24\/el-sector-de-la-comunicacion-visual-en-espana-optimismo-y-crecimiento\/"]}]},{"@type":"ImageObject","inLanguage":"es","@id":"https:\/\/fespa.es\/news\/index.php\/2024\/04\/24\/el-sector-de-la-comunicacion-visual-en-espana-optimismo-y-crecimiento\/#primaryimage","url":"https:\/\/fespa.es\/news\/wp-content\/uploads\/2024\/04\/Resultados-Encuesta_detalle-aplicacion_2.jpg","contentUrl":"https:\/\/fespa.es\/news\/wp-content\/uploads\/2024\/04\/Resultados-Encuesta_detalle-aplicacion_2.jpg","width":1000,"height":650},{"@type":"BreadcrumbList","@id":"https:\/\/fespa.es\/news\/index.php\/2024\/04\/24\/el-sector-de-la-comunicacion-visual-en-espana-optimismo-y-crecimiento\/#breadcrumb","itemListElement":[{"@type":"ListItem","position":1,"name":"Portada","item":"https:\/\/fespa.es\/news\/"},{"@type":"ListItem","position":2,"name":"El sector de la comunicaci\u00f3n visual en Espa\u00f1a: optimismo y crecimiento"}]},{"@type":"WebSite","@id":"https:\/\/fespa.es\/news\/#website","url":"https:\/\/fespa.es\/news\/","name":"FESPA Espa\u00f1a Magazine","description":"El Peri\u00f3dico de la industria de la comunicaci\u00f3n visual","potentialAction":[{"@type":"SearchAction","target":{"@type":"EntryPoint","urlTemplate":"https:\/\/fespa.es\/news\/?s={search_term_string}"},"query-input":{"@type":"PropertyValueSpecification","valueRequired":true,"valueName":"search_term_string"}}],"inLanguage":"es"},{"@type":"Person","@id":"https:\/\/fespa.es\/news\/#\/schema\/person\/0019098322836346476fc7dfdbd26d95","name":"admin","image":{"@type":"ImageObject","inLanguage":"es","@id":"https:\/\/fespa.es\/news\/#\/schema\/person\/image\/","url":"https:\/\/secure.gravatar.com\/avatar\/6a6c60542c39a2d052b8b1e8c5145e669bf888b9b229b3da0e43092daac8a32e?s=96&d=mm&r=g","contentUrl":"https:\/\/secure.gravatar.com\/avatar\/6a6c60542c39a2d052b8b1e8c5145e669bf888b9b229b3da0e43092daac8a32e?s=96&d=mm&r=g","caption":"admin"},"url":"https:\/\/fespa.es\/news\/index.php\/author\/admin\/"}]}},"_links":{"self":[{"href":"https:\/\/fespa.es\/news\/index.php\/wp-json\/wp\/v2\/posts\/2176","targetHints":{"allow":["GET"]}}],"collection":[{"href":"https:\/\/fespa.es\/news\/index.php\/wp-json\/wp\/v2\/posts"}],"about":[{"href":"https:\/\/fespa.es\/news\/index.php\/wp-json\/wp\/v2\/types\/post"}],"author":[{"embeddable":true,"href":"https:\/\/fespa.es\/news\/index.php\/wp-json\/wp\/v2\/users\/1"}],"replies":[{"embeddable":true,"href":"https:\/\/fespa.es\/news\/index.php\/wp-json\/wp\/v2\/comments?post=2176"}],"version-history":[{"count":1,"href":"https:\/\/fespa.es\/news\/index.php\/wp-json\/wp\/v2\/posts\/2176\/revisions"}],"predecessor-version":[{"id":2178,"href":"https:\/\/fespa.es\/news\/index.php\/wp-json\/wp\/v2\/posts\/2176\/revisions\/2178"}],"wp:featuredmedia":[{"embeddable":true,"href":"https:\/\/fespa.es\/news\/index.php\/wp-json\/wp\/v2\/media\/2177"}],"wp:attachment":[{"href":"https:\/\/fespa.es\/news\/index.php\/wp-json\/wp\/v2\/media?parent=2176"}],"wp:term":[{"taxonomy":"category","embeddable":true,"href":"https:\/\/fespa.es\/news\/index.php\/wp-json\/wp\/v2\/categories?post=2176"},{"taxonomy":"post_tag","embeddable":true,"href":"https:\/\/fespa.es\/news\/index.php\/wp-json\/wp\/v2\/tags?post=2176"}],"curies":[{"name":"wp","href":"https:\/\/api.w.org\/{rel}","templated":true}]}}