{"id":2134,"date":"2024-02-27T14:53:40","date_gmt":"2024-02-27T14:53:40","guid":{"rendered":"https:\/\/fespa.es\/news\/?p=2134"},"modified":"2024-03-25T09:58:11","modified_gmt":"2024-03-25T09:58:11","slug":"fespa-global-print-expo-2024-presenta-novedades-en-su-proxima-edicion","status":"publish","type":"post","link":"https:\/\/fespa.es\/news\/index.php\/2024\/02\/27\/fespa-global-print-expo-2024-presenta-novedades-en-su-proxima-edicion\/","title":{"rendered":"FESPA Global Print Expo 2024 presenta novedades en su pr\u00f3xima edici\u00f3n"},"content":{"rendered":"\n<p>FESPA Global Print Expo este a\u00f1o, contar\u00e1 con eventos como European Sign Expo, Customized Experience y Sportswear Pro. El evento tendr\u00e1 lugar del 19 al 22 de marzo de 2024 en RAI \u00c1msterdam.<\/p>\n\n\n\n<p><strong>Sal\u00f3n de Se\u00f1alizaci\u00f3n Digital:<\/strong><\/p>\n\n\n\n<p>European Sign Expo 2024 presentar\u00e1 el nuevo Digital Signage Lounge, un espacio de networking para explorar oportunidades comerciales en se\u00f1alizaci\u00f3n digital, destacando avances, exhibiendo tecnolog\u00eda y ofreciendo asesoramiento experto a trav\u00e9s de talleres diarios.<\/p>\n\n\n\n<p><strong>Personalize Make Wear<\/strong><\/p>\n\n\n\n<p>La f\u00e1brica inteligente Personalize Make Wear, parte de Personality Experience y Sportswear Pro, demostrar\u00e1 la producci\u00f3n integral de prendas deportivas personalizadas a trav\u00e9s de cuatro flujos de trabajo, ofreciendo visitas guiadas y charlas informativas.<\/p>\n\n\n\n<p><strong>Foco en Sostenibilidad<\/strong><\/p>\n\n\n\n<p>Sustainability Spotlight destacar\u00e1 m\u00e1s de 100 sustratos gr\u00e1ficos y textiles ecol\u00f3gicos, ofreciendo informaci\u00f3n sobre procesos de producci\u00f3n sostenible y acceso a contenido gratuito relacionado con la sostenibilidad.<\/p>\n\n\n\n<p><strong>World Wrap Masters Europa<\/strong><\/p>\n\n\n\n<p>&nbsp;El evento de wrapping de veh\u00edculos contar\u00e1 con competiciones regionales y finales mundiales, junto con demostraciones en vivo y talleres de capacitaci\u00f3n liderados por expertos del Wrap Institute.<\/p>\n\n\n\n<p><strong>Programas de Conferencias<\/strong><\/p>\n\n\n\n<ul class=\"wp-block-list\"><li>La conferencia Sportswear Pro abordar\u00e1 temas de fabricaci\u00f3n, producci\u00f3n y circularidad en la cadena de suministro de ropa deportiva.<\/li><li>La conferencia Personality Experience ofrecer\u00e1 informaci\u00f3n sobre productos personalizados en la oferta comercial.<\/li><\/ul>\n\n\n\n<p>Michael Ryan, director de FESPA Global Print Expo, enfatiza la importancia de asistir a los eventos para mejorar el conocimiento de la industria, conocer tendencias, establecer contactos y maximizar el crecimiento empresarial.<\/p>\n\n\n\n<p>Con una amplia gama de actividades y oportunidades de aprendizaje, la FESPA Global Print Expo 2024 promete ser un evento impactante para los profesionales de la industria.<\/p>\n\n\n\n<p>Conoce m\u00e1s informaci\u00f3n en la web de&nbsp;<a href=\"https:\/\/www.fespaglobalprintexpo.com\/\">FESPA Global Print Expo 2024<\/a>.<\/p>\n\n\n\n<p>Art\u00edculo obtenido de <a href=\"https:\/\/www.fespa.com\/en\">FESPA<\/a>.<\/p>\n","protected":false},"excerpt":{"rendered":"<p>FESPA Global Print Expo este a\u00f1o, contar\u00e1 con eventos como European Sign Expo, Customized Experience y Sportswear Pro. El evento tendr\u00e1 lugar del 19 al 22 de marzo de 2024 en RAI \u00c1msterdam. Sal\u00f3n de Se\u00f1alizaci\u00f3n Digital: European Sign Expo 2024 presentar\u00e1 el nuevo Digital Signage Lounge, un espacio de networking para explorar oportunidades comerciales&hellip;<\/p>\n","protected":false},"author":1,"featured_media":2096,"comment_status":"closed","ping_status":"closed","sticky":false,"template":"","format":"standard","meta":{"footnotes":""},"categories":[8,9,14],"tags":[],"class_list":["post-2134","post","type-post","status-publish","format-standard","has-post-thumbnail","hentry","category-eventos","category-fespa","category-noticias"],"yoast_head":"<!-- This site is optimized with the Yoast SEO plugin v25.8 - https:\/\/yoast.com\/wordpress\/plugins\/seo\/ -->\n<title>FESPA Global Print Expo 2024 presenta novedades en su pr\u00f3xima edici\u00f3n - FESPA Espa\u00f1a Magazine<\/title>\n<meta name=\"description\" content=\"FESPA Global Print Expo 2024 en Amsterdam, presenta novedades en su pr\u00f3xima edici\u00f3n: Digital Signage Lounge, Conferencia SportsWear Pro...\" \/>\n<meta name=\"robots\" content=\"index, follow, max-snippet:-1, max-image-preview:large, max-video-preview:-1\" \/>\n<link rel=\"canonical\" href=\"https:\/\/fespa.es\/news\/index.php\/2024\/02\/27\/fespa-global-print-expo-2024-presenta-novedades-en-su-proxima-edicion\/\" \/>\n<meta property=\"og:locale\" content=\"es_ES\" \/>\n<meta property=\"og:type\" content=\"article\" \/>\n<meta property=\"og:title\" content=\"FESPA Global Print Expo 2024 presenta novedades en su pr\u00f3xima edici\u00f3n - FESPA Espa\u00f1a Magazine\" \/>\n<meta property=\"og:description\" content=\"FESPA Global Print Expo 2024 en Amsterdam, presenta novedades en su pr\u00f3xima edici\u00f3n: Digital Signage Lounge, Conferencia SportsWear Pro...\" \/>\n<meta property=\"og:url\" content=\"https:\/\/fespa.es\/news\/index.php\/2024\/02\/27\/fespa-global-print-expo-2024-presenta-novedades-en-su-proxima-edicion\/\" \/>\n<meta property=\"og:site_name\" content=\"FESPA Espa\u00f1a Magazine\" \/>\n<meta property=\"article:published_time\" content=\"2024-02-27T14:53:40+00:00\" \/>\n<meta property=\"article:modified_time\" content=\"2024-03-25T09:58:11+00:00\" \/>\n<meta property=\"og:image\" content=\"https:\/\/fespa.es\/news\/wp-content\/uploads\/2023\/12\/FESPA-GLOBAL-PRINT-EXPO.png\" \/>\n\t<meta property=\"og:image:width\" content=\"1000\" \/>\n\t<meta property=\"og:image:height\" content=\"600\" \/>\n\t<meta property=\"og:image:type\" content=\"image\/png\" \/>\n<meta name=\"author\" content=\"admin\" \/>\n<meta name=\"twitter:card\" content=\"summary_large_image\" \/>\n<meta name=\"twitter:label1\" content=\"Escrito por\" \/>\n\t<meta name=\"twitter:data1\" content=\"admin\" \/>\n\t<meta name=\"twitter:label2\" content=\"Tiempo de lectura\" \/>\n\t<meta name=\"twitter:data2\" content=\"2 minutos\" \/>\n<script type=\"application\/ld+json\" class=\"yoast-schema-graph\">{\"@context\":\"https:\/\/schema.org\",\"@graph\":[{\"@type\":\"WebPage\",\"@id\":\"https:\/\/fespa.es\/news\/index.php\/2024\/02\/27\/fespa-global-print-expo-2024-presenta-novedades-en-su-proxima-edicion\/\",\"url\":\"https:\/\/fespa.es\/news\/index.php\/2024\/02\/27\/fespa-global-print-expo-2024-presenta-novedades-en-su-proxima-edicion\/\",\"name\":\"FESPA Global Print Expo 2024 presenta novedades en su pr\u00f3xima edici\u00f3n - FESPA Espa\u00f1a Magazine\",\"isPartOf\":{\"@id\":\"https:\/\/fespa.es\/news\/#website\"},\"primaryImageOfPage\":{\"@id\":\"https:\/\/fespa.es\/news\/index.php\/2024\/02\/27\/fespa-global-print-expo-2024-presenta-novedades-en-su-proxima-edicion\/#primaryimage\"},\"image\":{\"@id\":\"https:\/\/fespa.es\/news\/index.php\/2024\/02\/27\/fespa-global-print-expo-2024-presenta-novedades-en-su-proxima-edicion\/#primaryimage\"},\"thumbnailUrl\":\"https:\/\/fespa.es\/news\/wp-content\/uploads\/2023\/12\/FESPA-GLOBAL-PRINT-EXPO.png\",\"datePublished\":\"2024-02-27T14:53:40+00:00\",\"dateModified\":\"2024-03-25T09:58:11+00:00\",\"author\":{\"@id\":\"https:\/\/fespa.es\/news\/#\/schema\/person\/0019098322836346476fc7dfdbd26d95\"},\"description\":\"FESPA Global Print Expo 2024 en Amsterdam, presenta novedades en su pr\u00f3xima edici\u00f3n: Digital Signage Lounge, Conferencia SportsWear Pro...\",\"breadcrumb\":{\"@id\":\"https:\/\/fespa.es\/news\/index.php\/2024\/02\/27\/fespa-global-print-expo-2024-presenta-novedades-en-su-proxima-edicion\/#breadcrumb\"},\"inLanguage\":\"es\",\"potentialAction\":[{\"@type\":\"ReadAction\",\"target\":[\"https:\/\/fespa.es\/news\/index.php\/2024\/02\/27\/fespa-global-print-expo-2024-presenta-novedades-en-su-proxima-edicion\/\"]}]},{\"@type\":\"ImageObject\",\"inLanguage\":\"es\",\"@id\":\"https:\/\/fespa.es\/news\/index.php\/2024\/02\/27\/fespa-global-print-expo-2024-presenta-novedades-en-su-proxima-edicion\/#primaryimage\",\"url\":\"https:\/\/fespa.es\/news\/wp-content\/uploads\/2023\/12\/FESPA-GLOBAL-PRINT-EXPO.png\",\"contentUrl\":\"https:\/\/fespa.es\/news\/wp-content\/uploads\/2023\/12\/FESPA-GLOBAL-PRINT-EXPO.png\",\"width\":1000,\"height\":600,\"caption\":\"FESPA GLOBAL PRINT EXPO\"},{\"@type\":\"BreadcrumbList\",\"@id\":\"https:\/\/fespa.es\/news\/index.php\/2024\/02\/27\/fespa-global-print-expo-2024-presenta-novedades-en-su-proxima-edicion\/#breadcrumb\",\"itemListElement\":[{\"@type\":\"ListItem\",\"position\":1,\"name\":\"Portada\",\"item\":\"https:\/\/fespa.es\/news\/\"},{\"@type\":\"ListItem\",\"position\":2,\"name\":\"FESPA Global Print Expo 2024 presenta novedades en su pr\u00f3xima edici\u00f3n\"}]},{\"@type\":\"WebSite\",\"@id\":\"https:\/\/fespa.es\/news\/#website\",\"url\":\"https:\/\/fespa.es\/news\/\",\"name\":\"FESPA Espa\u00f1a Magazine\",\"description\":\"El Peri\u00f3dico de la industria de la comunicaci\u00f3n visual\",\"potentialAction\":[{\"@type\":\"SearchAction\",\"target\":{\"@type\":\"EntryPoint\",\"urlTemplate\":\"https:\/\/fespa.es\/news\/?s={search_term_string}\"},\"query-input\":{\"@type\":\"PropertyValueSpecification\",\"valueRequired\":true,\"valueName\":\"search_term_string\"}}],\"inLanguage\":\"es\"},{\"@type\":\"Person\",\"@id\":\"https:\/\/fespa.es\/news\/#\/schema\/person\/0019098322836346476fc7dfdbd26d95\",\"name\":\"admin\",\"image\":{\"@type\":\"ImageObject\",\"inLanguage\":\"es\",\"@id\":\"https:\/\/fespa.es\/news\/#\/schema\/person\/image\/\",\"url\":\"https:\/\/secure.gravatar.com\/avatar\/6a6c60542c39a2d052b8b1e8c5145e669bf888b9b229b3da0e43092daac8a32e?s=96&d=mm&r=g\",\"contentUrl\":\"https:\/\/secure.gravatar.com\/avatar\/6a6c60542c39a2d052b8b1e8c5145e669bf888b9b229b3da0e43092daac8a32e?s=96&d=mm&r=g\",\"caption\":\"admin\"},\"url\":\"https:\/\/fespa.es\/news\/index.php\/author\/admin\/\"}]}<\/script>\n<!-- \/ Yoast SEO plugin. -->","yoast_head_json":{"title":"FESPA Global Print Expo 2024 presenta novedades en su pr\u00f3xima edici\u00f3n - FESPA Espa\u00f1a Magazine","description":"FESPA Global Print Expo 2024 en Amsterdam, presenta novedades en su pr\u00f3xima edici\u00f3n: Digital Signage Lounge, Conferencia SportsWear Pro...","robots":{"index":"index","follow":"follow","max-snippet":"max-snippet:-1","max-image-preview":"max-image-preview:large","max-video-preview":"max-video-preview:-1"},"canonical":"https:\/\/fespa.es\/news\/index.php\/2024\/02\/27\/fespa-global-print-expo-2024-presenta-novedades-en-su-proxima-edicion\/","og_locale":"es_ES","og_type":"article","og_title":"FESPA Global Print Expo 2024 presenta novedades en su pr\u00f3xima edici\u00f3n - FESPA Espa\u00f1a Magazine","og_description":"FESPA Global Print Expo 2024 en Amsterdam, presenta novedades en su pr\u00f3xima edici\u00f3n: Digital Signage Lounge, Conferencia SportsWear Pro...","og_url":"https:\/\/fespa.es\/news\/index.php\/2024\/02\/27\/fespa-global-print-expo-2024-presenta-novedades-en-su-proxima-edicion\/","og_site_name":"FESPA Espa\u00f1a Magazine","article_published_time":"2024-02-27T14:53:40+00:00","article_modified_time":"2024-03-25T09:58:11+00:00","og_image":[{"width":1000,"height":600,"url":"https:\/\/fespa.es\/news\/wp-content\/uploads\/2023\/12\/FESPA-GLOBAL-PRINT-EXPO.png","type":"image\/png"}],"author":"admin","twitter_card":"summary_large_image","twitter_misc":{"Escrito por":"admin","Tiempo de lectura":"2 minutos"},"schema":{"@context":"https:\/\/schema.org","@graph":[{"@type":"WebPage","@id":"https:\/\/fespa.es\/news\/index.php\/2024\/02\/27\/fespa-global-print-expo-2024-presenta-novedades-en-su-proxima-edicion\/","url":"https:\/\/fespa.es\/news\/index.php\/2024\/02\/27\/fespa-global-print-expo-2024-presenta-novedades-en-su-proxima-edicion\/","name":"FESPA Global Print Expo 2024 presenta novedades en su pr\u00f3xima edici\u00f3n - FESPA Espa\u00f1a Magazine","isPartOf":{"@id":"https:\/\/fespa.es\/news\/#website"},"primaryImageOfPage":{"@id":"https:\/\/fespa.es\/news\/index.php\/2024\/02\/27\/fespa-global-print-expo-2024-presenta-novedades-en-su-proxima-edicion\/#primaryimage"},"image":{"@id":"https:\/\/fespa.es\/news\/index.php\/2024\/02\/27\/fespa-global-print-expo-2024-presenta-novedades-en-su-proxima-edicion\/#primaryimage"},"thumbnailUrl":"https:\/\/fespa.es\/news\/wp-content\/uploads\/2023\/12\/FESPA-GLOBAL-PRINT-EXPO.png","datePublished":"2024-02-27T14:53:40+00:00","dateModified":"2024-03-25T09:58:11+00:00","author":{"@id":"https:\/\/fespa.es\/news\/#\/schema\/person\/0019098322836346476fc7dfdbd26d95"},"description":"FESPA Global Print Expo 2024 en Amsterdam, presenta novedades en su pr\u00f3xima edici\u00f3n: Digital Signage Lounge, Conferencia SportsWear Pro...","breadcrumb":{"@id":"https:\/\/fespa.es\/news\/index.php\/2024\/02\/27\/fespa-global-print-expo-2024-presenta-novedades-en-su-proxima-edicion\/#breadcrumb"},"inLanguage":"es","potentialAction":[{"@type":"ReadAction","target":["https:\/\/fespa.es\/news\/index.php\/2024\/02\/27\/fespa-global-print-expo-2024-presenta-novedades-en-su-proxima-edicion\/"]}]},{"@type":"ImageObject","inLanguage":"es","@id":"https:\/\/fespa.es\/news\/index.php\/2024\/02\/27\/fespa-global-print-expo-2024-presenta-novedades-en-su-proxima-edicion\/#primaryimage","url":"https:\/\/fespa.es\/news\/wp-content\/uploads\/2023\/12\/FESPA-GLOBAL-PRINT-EXPO.png","contentUrl":"https:\/\/fespa.es\/news\/wp-content\/uploads\/2023\/12\/FESPA-GLOBAL-PRINT-EXPO.png","width":1000,"height":600,"caption":"FESPA GLOBAL PRINT EXPO"},{"@type":"BreadcrumbList","@id":"https:\/\/fespa.es\/news\/index.php\/2024\/02\/27\/fespa-global-print-expo-2024-presenta-novedades-en-su-proxima-edicion\/#breadcrumb","itemListElement":[{"@type":"ListItem","position":1,"name":"Portada","item":"https:\/\/fespa.es\/news\/"},{"@type":"ListItem","position":2,"name":"FESPA Global Print Expo 2024 presenta novedades en su pr\u00f3xima edici\u00f3n"}]},{"@type":"WebSite","@id":"https:\/\/fespa.es\/news\/#website","url":"https:\/\/fespa.es\/news\/","name":"FESPA Espa\u00f1a Magazine","description":"El Peri\u00f3dico de la industria de la comunicaci\u00f3n visual","potentialAction":[{"@type":"SearchAction","target":{"@type":"EntryPoint","urlTemplate":"https:\/\/fespa.es\/news\/?s={search_term_string}"},"query-input":{"@type":"PropertyValueSpecification","valueRequired":true,"valueName":"search_term_string"}}],"inLanguage":"es"},{"@type":"Person","@id":"https:\/\/fespa.es\/news\/#\/schema\/person\/0019098322836346476fc7dfdbd26d95","name":"admin","image":{"@type":"ImageObject","inLanguage":"es","@id":"https:\/\/fespa.es\/news\/#\/schema\/person\/image\/","url":"https:\/\/secure.gravatar.com\/avatar\/6a6c60542c39a2d052b8b1e8c5145e669bf888b9b229b3da0e43092daac8a32e?s=96&d=mm&r=g","contentUrl":"https:\/\/secure.gravatar.com\/avatar\/6a6c60542c39a2d052b8b1e8c5145e669bf888b9b229b3da0e43092daac8a32e?s=96&d=mm&r=g","caption":"admin"},"url":"https:\/\/fespa.es\/news\/index.php\/author\/admin\/"}]}},"_links":{"self":[{"href":"https:\/\/fespa.es\/news\/index.php\/wp-json\/wp\/v2\/posts\/2134","targetHints":{"allow":["GET"]}}],"collection":[{"href":"https:\/\/fespa.es\/news\/index.php\/wp-json\/wp\/v2\/posts"}],"about":[{"href":"https:\/\/fespa.es\/news\/index.php\/wp-json\/wp\/v2\/types\/post"}],"author":[{"embeddable":true,"href":"https:\/\/fespa.es\/news\/index.php\/wp-json\/wp\/v2\/users\/1"}],"replies":[{"embeddable":true,"href":"https:\/\/fespa.es\/news\/index.php\/wp-json\/wp\/v2\/comments?post=2134"}],"version-history":[{"count":3,"href":"https:\/\/fespa.es\/news\/index.php\/wp-json\/wp\/v2\/posts\/2134\/revisions"}],"predecessor-version":[{"id":2155,"href":"https:\/\/fespa.es\/news\/index.php\/wp-json\/wp\/v2\/posts\/2134\/revisions\/2155"}],"wp:featuredmedia":[{"embeddable":true,"href":"https:\/\/fespa.es\/news\/index.php\/wp-json\/wp\/v2\/media\/2096"}],"wp:attachment":[{"href":"https:\/\/fespa.es\/news\/index.php\/wp-json\/wp\/v2\/media?parent=2134"}],"wp:term":[{"taxonomy":"category","embeddable":true,"href":"https:\/\/fespa.es\/news\/index.php\/wp-json\/wp\/v2\/categories?post=2134"},{"taxonomy":"post_tag","embeddable":true,"href":"https:\/\/fespa.es\/news\/index.php\/wp-json\/wp\/v2\/tags?post=2134"}],"curies":[{"name":"wp","href":"https:\/\/api.w.org\/{rel}","templated":true}]}}