{"id":2054,"date":"2023-10-19T07:45:47","date_gmt":"2023-10-19T07:45:47","guid":{"rendered":"https:\/\/fespa.es\/news\/?p=2054"},"modified":"2023-10-24T14:06:05","modified_gmt":"2023-10-24T14:06:05","slug":"conoce-a-self-electronics-nuevo-asociado-de-fespa-espana%ef%bf%bc","status":"publish","type":"post","link":"https:\/\/fespa.es\/news\/index.php\/2023\/10\/19\/conoce-a-self-electronics-nuevo-asociado-de-fespa-espana%ef%bf%bc\/","title":{"rendered":"Conoce a SELF Electronics, nuevo asociado de FESPA Espa\u00f1a\ufffc"},"content":{"rendered":"\n<p>Desde FESPA Espa\u00f1a damos la bienvenida a nuestra nueva incorporaci\u00f3n: <a href=\"https:\/\/www.self-electronics.de\">SELF Electronics<\/a>. Para conocer m\u00e1s detalles sobre los nuevos asociados, hemos tenido el placer de entrevistar a Santiago Mera Cano,&nbsp;Senior Sales Distribution Manager Southern Europe, Middle East &amp; Latam.<\/p>\n\n\n\n<div class=\"wp-block-image\"><figure class=\"aligncenter size-large is-resized\"><img loading=\"lazy\" decoding=\"async\" src=\"https:\/\/fespa.es\/news\/wp-content\/uploads\/2023\/10\/DSC_3002sq-1024x1024.jpg\" alt=\"\" class=\"wp-image-2055\" width=\"246\" height=\"246\" srcset=\"https:\/\/fespa.es\/news\/wp-content\/uploads\/2023\/10\/DSC_3002sq-1024x1024.jpg 1024w, https:\/\/fespa.es\/news\/wp-content\/uploads\/2023\/10\/DSC_3002sq-300x300.jpg 300w, https:\/\/fespa.es\/news\/wp-content\/uploads\/2023\/10\/DSC_3002sq-150x150.jpg 150w, https:\/\/fespa.es\/news\/wp-content\/uploads\/2023\/10\/DSC_3002sq-768x768.jpg 768w, https:\/\/fespa.es\/news\/wp-content\/uploads\/2023\/10\/DSC_3002sq-1536x1536.jpg 1536w, https:\/\/fespa.es\/news\/wp-content\/uploads\/2023\/10\/DSC_3002sq-2048x2048.jpg 2048w, https:\/\/fespa.es\/news\/wp-content\/uploads\/2023\/10\/DSC_3002sq-480x480.jpg 480w, https:\/\/fespa.es\/news\/wp-content\/uploads\/2023\/10\/DSC_3002sq-500x500.jpg 500w\" sizes=\"auto, (max-width: 246px) 100vw, 246px\" \/><figcaption><sub>Santiago Mera Cano<\/sub><\/figcaption><\/figure><\/div>\n\n\n\n<p><strong>\u00bfPodr\u00eda presentarnos brevemente un hist\u00f3rico de tu empresa, los mercados para los que trabaja?<\/strong><\/p>\n\n\n\n<p>SELF Electronics naci\u00f3 hace 30 a\u00f1os, entre 4 paredes de un garaje con la profunda convicci\u00f3n de que pod\u00eda mejorarse el mundo de la electr\u00f3nica, hacerlo m\u00e1s barato y asequible a negocios y personas.<\/p>\n\n\n\n<p>Hoy, 30 a\u00f1os despu\u00e9s, SELF Electronics tiene presencia global en todos los continentes y da trabajo a m\u00e1s de 2.000 personas apasionadas por ese mismo sue\u00f1o de continua mejora e innovaci\u00f3n.<\/p>\n\n\n\n<p>SELF Electronics provee de alta calidad a las mayores corporaciones en todos los mercados mundiales, Australia, Asia, Oriente Pr\u00f3ximo, Europa y el continente americano.<\/p>\n\n\n\n<p><strong>\u00bfQu\u00e9 perspectivas tienen, desde su empresa, sobre el desarrollo del a\u00f1o 2023 y hacia d\u00f3nde cree que va a evolucionar nuestro sector en los pr\u00f3ximos a\u00f1os?<\/strong><\/p>\n\n\n\n<p>SELF Electronics es un fabricante original de iluminaci\u00f3n LED y sus accesorios, con m\u00e1s de 400 patentes y 100 ingenieros y cient\u00edficos que conforman el departamento de I+D+i. Cumplimos 13 de los 17 Objetivos de Desarrollo Sostenible marcados por las Naciones Unidas, y estamos desarrollando sistemas inteligentes de iluminaci\u00f3n que ayudan a las empresas a ahorrar hasta un 50% en su consumo el\u00e9ctrico mes a mes. Ahorro y eficiencia energ\u00e9ticas puestas al servicio de empresas y personas.<\/p>\n\n\n\n<p><strong>\u00bfQu\u00e9 cree que aporta la asociaci\u00f3n a las empresas del sector y por qu\u00e9 cree que es importante formar parte de ella?<\/strong><\/p>\n\n\n\n<p>El creciente y continuo \u00e9xito del equipo de SELF siempre ha sido gracias a ferias internacionales, networking, clientes contentos y boca a boca. Por lo cual, desde SELF se cree firmemente en 2 ideas:<\/p>\n\n\n\n<p>1. Networking, feedbacks y a\u00f1adir valor entre todos los profesionales reunidos. Sentarnos en una mesa a hablar, debatir, preguntar, aprender.<\/p>\n\n\n\n<p>2. Una vez se ha debatido, consensuado y llegado a una conclusi\u00f3n-soluci\u00f3n, compartir y hacer llegar esa nueva ense\u00f1anza-descubrimiento-innovaci\u00f3n con tantas personas como sea posible.<\/p>\n\n\n\n<p>Por eso, una asociaci\u00f3n de profesionales siempre ha sido y ser\u00e1 para SELF un gran foro donde compartir, y aprender.<\/p>\n","protected":false},"excerpt":{"rendered":"<p>Desde FESPA Espa\u00f1a damos la bienvenida a nuestra nueva incorporaci\u00f3n: SELF Electronics. Para conocer m\u00e1s detalles sobre los nuevos asociados, hemos tenido el placer de entrevistar a Santiago Mera Cano,&nbsp;Senior Sales Distribution Manager Southern Europe, Middle East &amp; Latam. \u00bfPodr\u00eda presentarnos brevemente un hist\u00f3rico de tu empresa, los mercados para los que trabaja? SELF Electronics&hellip;<\/p>\n","protected":false},"author":1,"featured_media":2056,"comment_status":"closed","ping_status":"closed","sticky":true,"template":"","format":"standard","meta":{"footnotes":""},"categories":[13,2,14],"tags":[],"class_list":["post-2054","post","type-post","status-publish","format-standard","has-post-thumbnail","hentry","category-asociados","category-entrevistas","category-noticias"],"yoast_head":"<!-- This site is optimized with the Yoast SEO plugin v25.8 - https:\/\/yoast.com\/wordpress\/plugins\/seo\/ -->\n<title>Conoce a SELF Electronics, nuevo asociado de FESPA Espa\u00f1a\ufffc - FESPA Espa\u00f1a Magazine<\/title>\n<meta name=\"description\" content=\"Desde FESPA Espa\u00f1a damos la bienvenida a nuestra nueva incorporaci\u00f3n: SELF Electronics. Entrevistamos a Santiago Mera Cano.\" \/>\n<meta name=\"robots\" content=\"index, follow, max-snippet:-1, max-image-preview:large, max-video-preview:-1\" \/>\n<link rel=\"canonical\" href=\"https:\/\/fespa.es\/news\/index.php\/2025\/11\/24\/fespa-asamblea-general-finlandia\/\" \/>\n<meta property=\"og:locale\" content=\"es_ES\" \/>\n<meta property=\"og:type\" content=\"article\" \/>\n<meta property=\"og:title\" content=\"Conoce a SELF Electronics, nuevo asociado de FESPA Espa\u00f1a\ufffc - FESPA Espa\u00f1a Magazine\" \/>\n<meta property=\"og:description\" content=\"Desde FESPA Espa\u00f1a damos la bienvenida a nuestra nueva incorporaci\u00f3n: SELF Electronics. Entrevistamos a Santiago Mera Cano.\" \/>\n<meta property=\"og:url\" content=\"https:\/\/fespa.es\/news\/index.php\/2025\/11\/24\/fespa-asamblea-general-finlandia\/\" \/>\n<meta property=\"og:site_name\" content=\"FESPA Espa\u00f1a Magazine\" \/>\n<meta property=\"article:published_time\" content=\"2023-10-19T07:45:47+00:00\" \/>\n<meta property=\"article:modified_time\" content=\"2023-10-24T14:06:05+00:00\" \/>\n<meta property=\"og:image\" content=\"https:\/\/fespa.es\/news\/wp-content\/uploads\/2023\/10\/Self-logo.jpg\" \/>\n\t<meta property=\"og:image:width\" content=\"300\" \/>\n\t<meta property=\"og:image:height\" content=\"300\" \/>\n\t<meta property=\"og:image:type\" content=\"image\/jpeg\" \/>\n<meta name=\"author\" content=\"admin\" \/>\n<meta name=\"twitter:card\" content=\"summary_large_image\" \/>\n<meta name=\"twitter:label1\" content=\"Escrito por\" \/>\n\t<meta name=\"twitter:data1\" content=\"admin\" \/>\n\t<meta name=\"twitter:label2\" content=\"Tiempo de lectura\" \/>\n\t<meta name=\"twitter:data2\" content=\"2 minutos\" \/>\n<script type=\"application\/ld+json\" class=\"yoast-schema-graph\">{\"@context\":\"https:\/\/schema.org\",\"@graph\":[{\"@type\":\"WebPage\",\"@id\":\"https:\/\/fespa.es\/news\/index.php\/2025\/11\/24\/fespa-asamblea-general-finlandia\/\",\"url\":\"https:\/\/fespa.es\/news\/index.php\/2025\/11\/24\/fespa-asamblea-general-finlandia\/\",\"name\":\"Conoce a SELF Electronics, nuevo asociado de FESPA Espa\u00f1a\ufffc - FESPA Espa\u00f1a Magazine\",\"isPartOf\":{\"@id\":\"https:\/\/fespa.es\/news\/#website\"},\"primaryImageOfPage\":{\"@id\":\"https:\/\/fespa.es\/news\/index.php\/2025\/11\/24\/fespa-asamblea-general-finlandia\/#primaryimage\"},\"image\":{\"@id\":\"https:\/\/fespa.es\/news\/index.php\/2025\/11\/24\/fespa-asamblea-general-finlandia\/#primaryimage\"},\"thumbnailUrl\":\"https:\/\/fespa.es\/news\/wp-content\/uploads\/2023\/10\/Self-logo.jpg\",\"datePublished\":\"2023-10-19T07:45:47+00:00\",\"dateModified\":\"2023-10-24T14:06:05+00:00\",\"author\":{\"@id\":\"https:\/\/fespa.es\/news\/#\/schema\/person\/0019098322836346476fc7dfdbd26d95\"},\"description\":\"Desde FESPA Espa\u00f1a damos la bienvenida a nuestra nueva incorporaci\u00f3n: SELF Electronics. Entrevistamos a Santiago Mera Cano.\",\"breadcrumb\":{\"@id\":\"https:\/\/fespa.es\/news\/index.php\/2025\/11\/24\/fespa-asamblea-general-finlandia\/#breadcrumb\"},\"inLanguage\":\"es\",\"potentialAction\":[{\"@type\":\"ReadAction\",\"target\":[\"https:\/\/fespa.es\/news\/index.php\/2025\/11\/24\/fespa-asamblea-general-finlandia\/\"]}]},{\"@type\":\"ImageObject\",\"inLanguage\":\"es\",\"@id\":\"https:\/\/fespa.es\/news\/index.php\/2025\/11\/24\/fespa-asamblea-general-finlandia\/#primaryimage\",\"url\":\"https:\/\/fespa.es\/news\/wp-content\/uploads\/2023\/10\/Self-logo.jpg\",\"contentUrl\":\"https:\/\/fespa.es\/news\/wp-content\/uploads\/2023\/10\/Self-logo.jpg\",\"width\":300,\"height\":300,\"caption\":\"Self-logo\"},{\"@type\":\"BreadcrumbList\",\"@id\":\"https:\/\/fespa.es\/news\/index.php\/2025\/11\/24\/fespa-asamblea-general-finlandia\/#breadcrumb\",\"itemListElement\":[{\"@type\":\"ListItem\",\"position\":1,\"name\":\"Portada\",\"item\":\"https:\/\/fespa.es\/news\/\"},{\"@type\":\"ListItem\",\"position\":2,\"name\":\"Conoce a SELF Electronics, nuevo asociado de FESPA Espa\u00f1a\ufffc\"}]},{\"@type\":\"WebSite\",\"@id\":\"https:\/\/fespa.es\/news\/#website\",\"url\":\"https:\/\/fespa.es\/news\/\",\"name\":\"FESPA Espa\u00f1a Magazine\",\"description\":\"El Peri\u00f3dico de la industria de la comunicaci\u00f3n visual\",\"potentialAction\":[{\"@type\":\"SearchAction\",\"target\":{\"@type\":\"EntryPoint\",\"urlTemplate\":\"https:\/\/fespa.es\/news\/?s={search_term_string}\"},\"query-input\":{\"@type\":\"PropertyValueSpecification\",\"valueRequired\":true,\"valueName\":\"search_term_string\"}}],\"inLanguage\":\"es\"},{\"@type\":\"Person\",\"@id\":\"https:\/\/fespa.es\/news\/#\/schema\/person\/0019098322836346476fc7dfdbd26d95\",\"name\":\"admin\",\"image\":{\"@type\":\"ImageObject\",\"inLanguage\":\"es\",\"@id\":\"https:\/\/fespa.es\/news\/#\/schema\/person\/image\/\",\"url\":\"https:\/\/secure.gravatar.com\/avatar\/6a6c60542c39a2d052b8b1e8c5145e669bf888b9b229b3da0e43092daac8a32e?s=96&d=mm&r=g\",\"contentUrl\":\"https:\/\/secure.gravatar.com\/avatar\/6a6c60542c39a2d052b8b1e8c5145e669bf888b9b229b3da0e43092daac8a32e?s=96&d=mm&r=g\",\"caption\":\"admin\"},\"url\":\"https:\/\/fespa.es\/news\/index.php\/author\/admin\/\"}]}<\/script>\n<!-- \/ Yoast SEO plugin. -->","yoast_head_json":{"title":"Conoce a SELF Electronics, nuevo asociado de FESPA Espa\u00f1a\ufffc - FESPA Espa\u00f1a Magazine","description":"Desde FESPA Espa\u00f1a damos la bienvenida a nuestra nueva incorporaci\u00f3n: SELF Electronics. Entrevistamos a Santiago Mera Cano.","robots":{"index":"index","follow":"follow","max-snippet":"max-snippet:-1","max-image-preview":"max-image-preview:large","max-video-preview":"max-video-preview:-1"},"canonical":"https:\/\/fespa.es\/news\/index.php\/2025\/11\/24\/fespa-asamblea-general-finlandia\/","og_locale":"es_ES","og_type":"article","og_title":"Conoce a SELF Electronics, nuevo asociado de FESPA Espa\u00f1a\ufffc - FESPA Espa\u00f1a Magazine","og_description":"Desde FESPA Espa\u00f1a damos la bienvenida a nuestra nueva incorporaci\u00f3n: SELF Electronics. Entrevistamos a Santiago Mera Cano.","og_url":"https:\/\/fespa.es\/news\/index.php\/2025\/11\/24\/fespa-asamblea-general-finlandia\/","og_site_name":"FESPA Espa\u00f1a Magazine","article_published_time":"2023-10-19T07:45:47+00:00","article_modified_time":"2023-10-24T14:06:05+00:00","og_image":[{"width":300,"height":300,"url":"https:\/\/fespa.es\/news\/wp-content\/uploads\/2023\/10\/Self-logo.jpg","type":"image\/jpeg"}],"author":"admin","twitter_card":"summary_large_image","twitter_misc":{"Escrito por":"admin","Tiempo de lectura":"2 minutos"},"schema":{"@context":"https:\/\/schema.org","@graph":[{"@type":"WebPage","@id":"https:\/\/fespa.es\/news\/index.php\/2025\/11\/24\/fespa-asamblea-general-finlandia\/","url":"https:\/\/fespa.es\/news\/index.php\/2025\/11\/24\/fespa-asamblea-general-finlandia\/","name":"Conoce a SELF Electronics, nuevo asociado de FESPA Espa\u00f1a\ufffc - FESPA Espa\u00f1a Magazine","isPartOf":{"@id":"https:\/\/fespa.es\/news\/#website"},"primaryImageOfPage":{"@id":"https:\/\/fespa.es\/news\/index.php\/2025\/11\/24\/fespa-asamblea-general-finlandia\/#primaryimage"},"image":{"@id":"https:\/\/fespa.es\/news\/index.php\/2025\/11\/24\/fespa-asamblea-general-finlandia\/#primaryimage"},"thumbnailUrl":"https:\/\/fespa.es\/news\/wp-content\/uploads\/2023\/10\/Self-logo.jpg","datePublished":"2023-10-19T07:45:47+00:00","dateModified":"2023-10-24T14:06:05+00:00","author":{"@id":"https:\/\/fespa.es\/news\/#\/schema\/person\/0019098322836346476fc7dfdbd26d95"},"description":"Desde FESPA Espa\u00f1a damos la bienvenida a nuestra nueva incorporaci\u00f3n: SELF Electronics. Entrevistamos a Santiago Mera Cano.","breadcrumb":{"@id":"https:\/\/fespa.es\/news\/index.php\/2025\/11\/24\/fespa-asamblea-general-finlandia\/#breadcrumb"},"inLanguage":"es","potentialAction":[{"@type":"ReadAction","target":["https:\/\/fespa.es\/news\/index.php\/2025\/11\/24\/fespa-asamblea-general-finlandia\/"]}]},{"@type":"ImageObject","inLanguage":"es","@id":"https:\/\/fespa.es\/news\/index.php\/2025\/11\/24\/fespa-asamblea-general-finlandia\/#primaryimage","url":"https:\/\/fespa.es\/news\/wp-content\/uploads\/2023\/10\/Self-logo.jpg","contentUrl":"https:\/\/fespa.es\/news\/wp-content\/uploads\/2023\/10\/Self-logo.jpg","width":300,"height":300,"caption":"Self-logo"},{"@type":"BreadcrumbList","@id":"https:\/\/fespa.es\/news\/index.php\/2025\/11\/24\/fespa-asamblea-general-finlandia\/#breadcrumb","itemListElement":[{"@type":"ListItem","position":1,"name":"Portada","item":"https:\/\/fespa.es\/news\/"},{"@type":"ListItem","position":2,"name":"Conoce a SELF Electronics, nuevo asociado de FESPA Espa\u00f1a\ufffc"}]},{"@type":"WebSite","@id":"https:\/\/fespa.es\/news\/#website","url":"https:\/\/fespa.es\/news\/","name":"FESPA Espa\u00f1a Magazine","description":"El Peri\u00f3dico de la industria de la comunicaci\u00f3n visual","potentialAction":[{"@type":"SearchAction","target":{"@type":"EntryPoint","urlTemplate":"https:\/\/fespa.es\/news\/?s={search_term_string}"},"query-input":{"@type":"PropertyValueSpecification","valueRequired":true,"valueName":"search_term_string"}}],"inLanguage":"es"},{"@type":"Person","@id":"https:\/\/fespa.es\/news\/#\/schema\/person\/0019098322836346476fc7dfdbd26d95","name":"admin","image":{"@type":"ImageObject","inLanguage":"es","@id":"https:\/\/fespa.es\/news\/#\/schema\/person\/image\/","url":"https:\/\/secure.gravatar.com\/avatar\/6a6c60542c39a2d052b8b1e8c5145e669bf888b9b229b3da0e43092daac8a32e?s=96&d=mm&r=g","contentUrl":"https:\/\/secure.gravatar.com\/avatar\/6a6c60542c39a2d052b8b1e8c5145e669bf888b9b229b3da0e43092daac8a32e?s=96&d=mm&r=g","caption":"admin"},"url":"https:\/\/fespa.es\/news\/index.php\/author\/admin\/"}]}},"_links":{"self":[{"href":"https:\/\/fespa.es\/news\/index.php\/wp-json\/wp\/v2\/posts\/2054","targetHints":{"allow":["GET"]}}],"collection":[{"href":"https:\/\/fespa.es\/news\/index.php\/wp-json\/wp\/v2\/posts"}],"about":[{"href":"https:\/\/fespa.es\/news\/index.php\/wp-json\/wp\/v2\/types\/post"}],"author":[{"embeddable":true,"href":"https:\/\/fespa.es\/news\/index.php\/wp-json\/wp\/v2\/users\/1"}],"replies":[{"embeddable":true,"href":"https:\/\/fespa.es\/news\/index.php\/wp-json\/wp\/v2\/comments?post=2054"}],"version-history":[{"count":2,"href":"https:\/\/fespa.es\/news\/index.php\/wp-json\/wp\/v2\/posts\/2054\/revisions"}],"predecessor-version":[{"id":2059,"href":"https:\/\/fespa.es\/news\/index.php\/wp-json\/wp\/v2\/posts\/2054\/revisions\/2059"}],"wp:featuredmedia":[{"embeddable":true,"href":"https:\/\/fespa.es\/news\/index.php\/wp-json\/wp\/v2\/media\/2056"}],"wp:attachment":[{"href":"https:\/\/fespa.es\/news\/index.php\/wp-json\/wp\/v2\/media?parent=2054"}],"wp:term":[{"taxonomy":"category","embeddable":true,"href":"https:\/\/fespa.es\/news\/index.php\/wp-json\/wp\/v2\/categories?post=2054"},{"taxonomy":"post_tag","embeddable":true,"href":"https:\/\/fespa.es\/news\/index.php\/wp-json\/wp\/v2\/tags?post=2054"}],"curies":[{"name":"wp","href":"https:\/\/api.w.org\/{rel}","templated":true}]}}