{"id":1794,"date":"2022-11-30T12:21:40","date_gmt":"2022-11-30T12:21:40","guid":{"rendered":"https:\/\/fespa.es\/news\/?p=1794"},"modified":"2022-12-09T10:55:10","modified_gmt":"2022-12-09T10:55:10","slug":"cop-27-que-puede-hacer-la-industria-grafica-para-luchar-contra-el-cambio-climatico","status":"publish","type":"post","link":"https:\/\/fespa.es\/news\/index.php\/2022\/11\/30\/cop-27-que-puede-hacer-la-industria-grafica-para-luchar-contra-el-cambio-climatico\/","title":{"rendered":"COP 27: \u00bfQu\u00e9 puede hacer la industria gr\u00e1fica para luchar contra el cambio clim\u00e1tico?"},"content":{"rendered":"\n<p><strong>La COP 27 tuvo lugar el 20 de noviembre en la ciudad costera egipcia de Sharm el-Sheikh. La conferencia ofreci\u00f3 muchos puntos para las empresas y las industrias y los alent\u00f3 a tomar medidas globales para lograr cambios positivos con respecto al cambio clim\u00e1tico.<\/strong><strong><\/strong><\/p>\n\n\n\n<p>La COP 27 celebr\u00f3 eventos paralelos y de alto nivel, negociaciones clave y conferencias de prensa. Alberg\u00f3 a m\u00e1s de 100 Jefes de Estado y de Gobierno, con m\u00e1s de 35 000 participantes y numerosos pabellones que exhibieron la acci\u00f3n clim\u00e1tica global y en diferentes sectores. La acci\u00f3n clim\u00e1tica significa cumplir una ambici\u00f3n audaz, a trav\u00e9s de la innovaci\u00f3n y la transformaci\u00f3n.<br><br>Si su negocio a\u00fan no ha comenzado su viaje de cero emisiones netas, ahora es el momento de comenzar. El primer paso es crear una cuenta precisa de su huella de carbono corporativa completa. Se puede esperar que la transparencia y la comparabilidad de los esfuerzos de sostenibilidad mejoren significativamente en un futuro pr\u00f3ximo.<br><br>Esto significa que las empresas deben asegurarse de que su contabilidad de carbono y el establecimiento de objetivos de cero neto est\u00e9n a la par mediante la adopci\u00f3n de una contabilidad de carbono basada en la ciencia. Las legislaciones nacionales se est\u00e1n expandiendo y desarrollando en todas las regiones e industrias. Incluso las empresas que a\u00fan no est\u00e1n cubiertas por la legislaci\u00f3n ahora deben prepararse para informar sus emisiones y compartir sus planes de cero emisiones netas. El sector de la impresi\u00f3n y las artes gr\u00e1ficas no es una excepci\u00f3n.<br><br>Pero, \u00bfqu\u00e9 puede aplicar la industria gr\u00e1fica en sus procesos de gesti\u00f3n, administraci\u00f3n y producci\u00f3n que pueda contribuir a la lucha contra el cambio clim\u00e1tico? Este art\u00edculo comparte algunas de las recomendaciones hechas por&nbsp;<em>We Mean Business Coalition<\/em>&nbsp;despu\u00e9s de la COP 27.<\/p>\n\n\n\n<p><strong>Integraci\u00f3n del clima en los negocios<\/strong><\/p>\n\n\n\n<p>La acci\u00f3n clim\u00e1tica es un proceso de transformaci\u00f3n empresarial. Las empresas solo lograr\u00e1n su ambici\u00f3n de cero neto si revisan su estrategia comercial central, reconsideran sus actividades comerciales y sus funciones, y adoptan una mentalidad de innovaci\u00f3n. Los empleados de todos los niveles deben ser responsables de implementar el plan de acci\u00f3n de transici\u00f3n clim\u00e1tica y brindar incentivos para avanzar a la escala y velocidad necesarias.\u00a0<\/p>\n\n\n\n<div class=\"wp-block-image\"><figure class=\"aligncenter size-full is-resized\"><img loading=\"lazy\" decoding=\"async\" src=\"https:\/\/fespa.es\/news\/wp-content\/uploads\/2022\/11\/334.png\" alt=\"\" class=\"wp-image-1798\" width=\"693\" height=\"364\" srcset=\"https:\/\/fespa.es\/news\/wp-content\/uploads\/2022\/11\/334.png 941w, https:\/\/fespa.es\/news\/wp-content\/uploads\/2022\/11\/334-300x157.png 300w, https:\/\/fespa.es\/news\/wp-content\/uploads\/2022\/11\/334-768x402.png 768w, https:\/\/fespa.es\/news\/wp-content\/uploads\/2022\/11\/334-480x251.png 480w\" sizes=\"auto, (max-width: 693px) 100vw, 693px\" \/><\/figure><\/div>\n\n\n\n<p><br><strong>Revise a fondo su estrategia comercial<\/strong><\/p>\n\n\n\n<ul class=\"wp-block-list\"><li>Incorporar riesgos y oportunidades relacionados con el clima<\/li><li>Identifique \u00e1reas importantes de cambio, incluida la gobernanza, la innovaci\u00f3n, la inversi\u00f3n de capital, la adquisici\u00f3n y la contrataci\u00f3n.<\/li><\/ul>\n\n\n\n<p><strong>Definir roles y responsabilidades<\/strong><\/p>\n\n\n\n<ul class=\"wp-block-list\"><li>Definir roles y responsabilidades para la ejecuci\u00f3n del plan de acci\u00f3n clim\u00e1tica y para la toma de decisiones relacionadas con el clima.<\/li><li>Vincular la compensaci\u00f3n de ejecutivos a la ejecuci\u00f3n de la estrategia clim\u00e1tica.<\/li><li>Crear incentivos y capacitaci\u00f3n para que los empleados cumplan con los objetivos clim\u00e1ticos.<\/li><li>Identificar capital suficiente para implementar en las unidades de negocio responsables de la implementaci\u00f3n.<\/li><\/ul>\n\n\n\n<p><strong>Reducir emisiones<\/strong><\/p>\n\n\n\n<p>Para lograr metas ambiciosas, las empresas deben reducir sus emisiones directas de acciones como la quema de combustible, junto con las emisiones de energ\u00eda comprada, que generalmente representan una gran proporci\u00f3n de la huella de carbono de una empresa. Las empresas deben aprovechar de inmediato las oportunidades negativas o de bajo costo para descarbonizar que est\u00e1n disponibles en la mayor\u00eda de los mercados.<br><br><strong>Involucrar unidades de negocio<\/strong><\/p>\n\n\n\n<ul class=\"wp-block-list\"><li>Involucrar a las unidades de negocio (fabricaci\u00f3n, log\u00edstica, operaciones e I+D) para identificar e implementar soluciones con bajas emisiones de carbono y cero emisiones de carbono y mejorar la eficiencia general.<\/li><li>Cuando las soluciones son prohibitivamente costosas o no est\u00e1n disponibles, muestre liderazgo e innove. Los equipos de estrategia pueden revisar las opciones de cartera y los ahorros de costos, y la I+D puede desarrollar nuevos productos y explorar nuevos mercados.<\/li><\/ul>\n\n\n\n<p><strong>Identifique y asegure cero emisiones<\/strong><\/p>\n\n\n\n<ul class=\"wp-block-list\"><li>Identifique y asegure fuentes de electricidad de cero emisiones, para calefacci\u00f3n de espacios, flotas de veh\u00edculos y procesos, en todos sus mercados (los equipos de abastecimiento y compras de energ\u00eda desempe\u00f1ar\u00e1n un papel clave).<\/li><\/ul>\n\n\n\n<p><strong>Cadena de suministro de ruta<\/strong><\/p>\n\n\n\n<div class=\"wp-block-image\"><figure class=\"aligncenter size-full is-resized\"><img loading=\"lazy\" decoding=\"async\" src=\"https:\/\/fespa.es\/news\/wp-content\/uploads\/2022\/11\/Imagpng.png\" alt=\"\" class=\"wp-image-1797\" width=\"668\" height=\"351\" srcset=\"https:\/\/fespa.es\/news\/wp-content\/uploads\/2022\/11\/Imagpng.png 941w, https:\/\/fespa.es\/news\/wp-content\/uploads\/2022\/11\/Imagpng-300x157.png 300w, https:\/\/fespa.es\/news\/wp-content\/uploads\/2022\/11\/Imagpng-768x402.png 768w, https:\/\/fespa.es\/news\/wp-content\/uploads\/2022\/11\/Imagpng-480x251.png 480w\" sizes=\"auto, (max-width: 668px) 100vw, 668px\" \/><\/figure><\/div>\n\n\n\n<p>Para la mayor\u00eda de las empresas, la mayor proporci\u00f3n de sus emisiones se deriva de sus cadenas de suministro. Estos son los productos y servicios comprados a los proveedores y la fase de uso y eliminaci\u00f3n de sus productos.<br><br><strong>Los proveedores directos necesitan aumentar su ambici\u00f3n clim\u00e1tica<\/strong><\/p>\n\n\n\n<ul class=\"wp-block-list\"><li>Pida a todos los proveedores directos que eleven su ambici\u00f3n clim\u00e1tica y se unan a la carrera a cero.<\/li><li>Inicie una reacci\u00f3n en cadena al alentar a los proveedores a comprometerse con sus propios proveedores para descubrir y abordar sus emisiones.<\/li><\/ul>\n\n\n\n<p><strong>Identificar los principales puntos cr\u00edticos de emisi\u00f3n<\/strong><\/p>\n\n\n\n<ul class=\"wp-block-list\"><li>Identifique sus principales puntos cr\u00edticos de emisi\u00f3n e involucre a su cadena de valor para abordarlos.<\/li><li>Vincule las decisiones de adquisici\u00f3n con la ambici\u00f3n y la acci\u00f3n clim\u00e1tica al incluir el desempe\u00f1o clim\u00e1tico como un factor de gran peso en todas las decisiones de compra.<\/li><\/ul>\n\n\n\n<p><strong>Innove y Replantee el Dise\u00f1o de sus Productos<\/strong><\/p>\n\n\n\n<ul class=\"wp-block-list\"><li>Innove y reconsidere el dise\u00f1o de sus productos y sus ciclos de vida para minimizar las emisiones incorporadas en sus materiales, procesos de fabricaci\u00f3n, cadenas de suministro, transporte, uso del cliente y fases de eliminaci\u00f3n.<\/li><li>Desarrollar nuevos productos, servicios y procesos alineados con el concepto de econom\u00eda circular, en lugar de lineal.<\/li><\/ul>\n\n\n\n<p><strong>M\u00e1s all\u00e1 de la cadena de valor<\/strong><\/p>\n\n\n\n\n\n<p>\u200b\u200bLos l\u00edderes clim\u00e1ticos van m\u00e1s all\u00e1 de sus propios objetivos, contribuyendo a los esfuerzos de acci\u00f3n, adaptaci\u00f3n y mitigaci\u00f3n clim\u00e1tica fuera de sus operaciones y cadenas de valor. Invierten en soluciones basadas en la naturaleza, tecnolog\u00eda de eliminaci\u00f3n de carbono e innovaci\u00f3n, aprovechando el potencial de la financiaci\u00f3n clim\u00e1tica para desbloquear el crecimiento y la innovaci\u00f3n.&nbsp;<br><br><br><br><strong>Soluciones Clim\u00e1ticas e Inversi\u00f3n Corporativa<\/strong><br>Las soluciones clim\u00e1ticas basadas en la naturaleza ya est\u00e1n disponibles y necesitan inversi\u00f3n corporativa para ampliar su papel fundamental en la limitaci\u00f3n del calentamiento global a 1,5 \u00b0C.<\/p>\n\n\n\n<p><\/p>\n\n\n\n<ul class=\"wp-block-list\"><li>Invierta directamente en proyectos cre\u00edbles y de alta calidad (en sitios espec\u00edficos) o programas (a nivel de paisaje o jurisdicci\u00f3n).<\/li><li>O invierta indirectamente a trav\u00e9s de compras de compensaci\u00f3n (que deber\u00edan complementar, no reemplazar ni restar valor a las reducciones de emisiones reales en comparaci\u00f3n con sus objetivos basados \u200b\u200ben la ciencia).<\/li><\/ul>\n\n\n\n<p><strong>Invertir colectivamente en proyectos que beneficien al medio ambiente<\/strong><\/p>\n\n\n\n<ul class=\"wp-block-list\"><li>Invierta colectivamente en proyectos que beneficien a la naturaleza, el clima y los medios de vida, y comparta las mejores pr\u00e1cticas.<\/li><li>Invertir en tecnolog\u00eda e innovaci\u00f3n que est\u00e9 fuera de las actividades normales de I+D.<\/li><li>\u00danase o establezca grupos de m\u00faltiples partes interesadas para identificar nuevas formas de abordar un desaf\u00edo clim\u00e1tico, impactando las cadenas de valor corporativas m\u00e1s all\u00e1 de la suya.<\/li><\/ul>\n\n\n\n<p><strong>Lea&nbsp;<a href=\"https:\/\/unfccc.int\/documents\/624444\">aqu\u00ed<\/a>&nbsp;el plan completo de implementaci\u00f3n de Sharm el-Sheikh para la COP27.<\/strong><\/p>\n","protected":false},"excerpt":{"rendered":"<p>La COP 27 tuvo lugar el 20 de noviembre en la ciudad costera egipcia de Sharm el-Sheikh. La conferencia ofreci\u00f3 muchos puntos para las empresas y las industrias y los alent\u00f3 a tomar medidas globales para lograr cambios positivos con respecto al cambio clim\u00e1tico. La COP 27 celebr\u00f3 eventos paralelos y de alto nivel, negociaciones&hellip;<\/p>\n","protected":false},"author":1,"featured_media":1795,"comment_status":"closed","ping_status":"closed","sticky":false,"template":"","format":"standard","meta":{"footnotes":""},"categories":[13,3,9,7,14],"tags":[],"class_list":["post-1794","post","type-post","status-publish","format-standard","has-post-thumbnail","hentry","category-asociados","category-el-sector","category-fespa","category-medio-ambiente","category-noticias"],"yoast_head":"<!-- This site is optimized with the Yoast SEO plugin v25.8 - https:\/\/yoast.com\/wordpress\/plugins\/seo\/ -->\n<title>COP 27: \u00bfQu\u00e9 puede hacer la industria gr\u00e1fica para luchar contra el cambio clim\u00e1tico? - FESPA Espa\u00f1a Magazine<\/title>\n<meta name=\"robots\" content=\"index, follow, max-snippet:-1, max-image-preview:large, max-video-preview:-1\" \/>\n<link rel=\"canonical\" href=\"https:\/\/fespa.es\/news\/index.php\/2022\/11\/30\/cop-27-que-puede-hacer-la-industria-grafica-para-luchar-contra-el-cambio-climatico\/\" \/>\n<meta property=\"og:locale\" content=\"es_ES\" \/>\n<meta property=\"og:type\" content=\"article\" \/>\n<meta property=\"og:title\" content=\"COP 27: \u00bfQu\u00e9 puede hacer la industria gr\u00e1fica para luchar contra el cambio clim\u00e1tico? - FESPA Espa\u00f1a Magazine\" \/>\n<meta property=\"og:description\" content=\"La COP 27 tuvo lugar el 20 de noviembre en la ciudad costera egipcia de Sharm el-Sheikh. La conferencia ofreci\u00f3 muchos puntos para las empresas y las industrias y los alent\u00f3 a tomar medidas globales para lograr cambios positivos con respecto al cambio clim\u00e1tico. La COP 27 celebr\u00f3 eventos paralelos y de alto nivel, negociaciones&hellip;\" \/>\n<meta property=\"og:url\" content=\"https:\/\/fespa.es\/news\/index.php\/2022\/11\/30\/cop-27-que-puede-hacer-la-industria-grafica-para-luchar-contra-el-cambio-climatico\/\" \/>\n<meta property=\"og:site_name\" content=\"FESPA Espa\u00f1a Magazine\" \/>\n<meta property=\"article:published_time\" content=\"2022-11-30T12:21:40+00:00\" \/>\n<meta property=\"article:modified_time\" content=\"2022-12-09T10:55:10+00:00\" \/>\n<meta property=\"og:image\" content=\"https:\/\/fespa.es\/news\/wp-content\/uploads\/2022\/11\/MAIN-COP27.jpg\" \/>\n\t<meta property=\"og:image:width\" content=\"750\" \/>\n\t<meta property=\"og:image:height\" content=\"375\" \/>\n\t<meta property=\"og:image:type\" content=\"image\/jpeg\" \/>\n<meta name=\"author\" content=\"admin\" \/>\n<meta name=\"twitter:card\" content=\"summary_large_image\" \/>\n<meta name=\"twitter:label1\" content=\"Escrito por\" \/>\n\t<meta name=\"twitter:data1\" content=\"admin\" \/>\n\t<meta name=\"twitter:label2\" content=\"Tiempo de lectura\" \/>\n\t<meta name=\"twitter:data2\" content=\"6 minutos\" \/>\n<script type=\"application\/ld+json\" class=\"yoast-schema-graph\">{\"@context\":\"https:\/\/schema.org\",\"@graph\":[{\"@type\":\"WebPage\",\"@id\":\"https:\/\/fespa.es\/news\/index.php\/2022\/11\/30\/cop-27-que-puede-hacer-la-industria-grafica-para-luchar-contra-el-cambio-climatico\/\",\"url\":\"https:\/\/fespa.es\/news\/index.php\/2022\/11\/30\/cop-27-que-puede-hacer-la-industria-grafica-para-luchar-contra-el-cambio-climatico\/\",\"name\":\"COP 27: \u00bfQu\u00e9 puede hacer la industria gr\u00e1fica para luchar contra el cambio clim\u00e1tico? - FESPA Espa\u00f1a Magazine\",\"isPartOf\":{\"@id\":\"https:\/\/fespa.es\/news\/#website\"},\"primaryImageOfPage\":{\"@id\":\"https:\/\/fespa.es\/news\/index.php\/2022\/11\/30\/cop-27-que-puede-hacer-la-industria-grafica-para-luchar-contra-el-cambio-climatico\/#primaryimage\"},\"image\":{\"@id\":\"https:\/\/fespa.es\/news\/index.php\/2022\/11\/30\/cop-27-que-puede-hacer-la-industria-grafica-para-luchar-contra-el-cambio-climatico\/#primaryimage\"},\"thumbnailUrl\":\"https:\/\/fespa.es\/news\/wp-content\/uploads\/2022\/11\/MAIN-COP27.jpg\",\"datePublished\":\"2022-11-30T12:21:40+00:00\",\"dateModified\":\"2022-12-09T10:55:10+00:00\",\"author\":{\"@id\":\"https:\/\/fespa.es\/news\/#\/schema\/person\/0019098322836346476fc7dfdbd26d95\"},\"breadcrumb\":{\"@id\":\"https:\/\/fespa.es\/news\/index.php\/2022\/11\/30\/cop-27-que-puede-hacer-la-industria-grafica-para-luchar-contra-el-cambio-climatico\/#breadcrumb\"},\"inLanguage\":\"es\",\"potentialAction\":[{\"@type\":\"ReadAction\",\"target\":[\"https:\/\/fespa.es\/news\/index.php\/2022\/11\/30\/cop-27-que-puede-hacer-la-industria-grafica-para-luchar-contra-el-cambio-climatico\/\"]}]},{\"@type\":\"ImageObject\",\"inLanguage\":\"es\",\"@id\":\"https:\/\/fespa.es\/news\/index.php\/2022\/11\/30\/cop-27-que-puede-hacer-la-industria-grafica-para-luchar-contra-el-cambio-climatico\/#primaryimage\",\"url\":\"https:\/\/fespa.es\/news\/wp-content\/uploads\/2022\/11\/MAIN-COP27.jpg\",\"contentUrl\":\"https:\/\/fespa.es\/news\/wp-content\/uploads\/2022\/11\/MAIN-COP27.jpg\",\"width\":750,\"height\":375},{\"@type\":\"BreadcrumbList\",\"@id\":\"https:\/\/fespa.es\/news\/index.php\/2022\/11\/30\/cop-27-que-puede-hacer-la-industria-grafica-para-luchar-contra-el-cambio-climatico\/#breadcrumb\",\"itemListElement\":[{\"@type\":\"ListItem\",\"position\":1,\"name\":\"Portada\",\"item\":\"https:\/\/fespa.es\/news\/\"},{\"@type\":\"ListItem\",\"position\":2,\"name\":\"COP 27: \u00bfQu\u00e9 puede hacer la industria gr\u00e1fica para luchar contra el cambio clim\u00e1tico?\"}]},{\"@type\":\"WebSite\",\"@id\":\"https:\/\/fespa.es\/news\/#website\",\"url\":\"https:\/\/fespa.es\/news\/\",\"name\":\"FESPA Espa\u00f1a Magazine\",\"description\":\"El Peri\u00f3dico de la industria de la comunicaci\u00f3n visual\",\"potentialAction\":[{\"@type\":\"SearchAction\",\"target\":{\"@type\":\"EntryPoint\",\"urlTemplate\":\"https:\/\/fespa.es\/news\/?s={search_term_string}\"},\"query-input\":{\"@type\":\"PropertyValueSpecification\",\"valueRequired\":true,\"valueName\":\"search_term_string\"}}],\"inLanguage\":\"es\"},{\"@type\":\"Person\",\"@id\":\"https:\/\/fespa.es\/news\/#\/schema\/person\/0019098322836346476fc7dfdbd26d95\",\"name\":\"admin\",\"image\":{\"@type\":\"ImageObject\",\"inLanguage\":\"es\",\"@id\":\"https:\/\/fespa.es\/news\/#\/schema\/person\/image\/\",\"url\":\"https:\/\/secure.gravatar.com\/avatar\/6a6c60542c39a2d052b8b1e8c5145e669bf888b9b229b3da0e43092daac8a32e?s=96&d=mm&r=g\",\"contentUrl\":\"https:\/\/secure.gravatar.com\/avatar\/6a6c60542c39a2d052b8b1e8c5145e669bf888b9b229b3da0e43092daac8a32e?s=96&d=mm&r=g\",\"caption\":\"admin\"},\"url\":\"https:\/\/fespa.es\/news\/index.php\/author\/admin\/\"}]}<\/script>\n<!-- \/ Yoast SEO plugin. -->","yoast_head_json":{"title":"COP 27: \u00bfQu\u00e9 puede hacer la industria gr\u00e1fica para luchar contra el cambio clim\u00e1tico? - FESPA Espa\u00f1a Magazine","robots":{"index":"index","follow":"follow","max-snippet":"max-snippet:-1","max-image-preview":"max-image-preview:large","max-video-preview":"max-video-preview:-1"},"canonical":"https:\/\/fespa.es\/news\/index.php\/2022\/11\/30\/cop-27-que-puede-hacer-la-industria-grafica-para-luchar-contra-el-cambio-climatico\/","og_locale":"es_ES","og_type":"article","og_title":"COP 27: \u00bfQu\u00e9 puede hacer la industria gr\u00e1fica para luchar contra el cambio clim\u00e1tico? - FESPA Espa\u00f1a Magazine","og_description":"La COP 27 tuvo lugar el 20 de noviembre en la ciudad costera egipcia de Sharm el-Sheikh. La conferencia ofreci\u00f3 muchos puntos para las empresas y las industrias y los alent\u00f3 a tomar medidas globales para lograr cambios positivos con respecto al cambio clim\u00e1tico. La COP 27 celebr\u00f3 eventos paralelos y de alto nivel, negociaciones&hellip;","og_url":"https:\/\/fespa.es\/news\/index.php\/2022\/11\/30\/cop-27-que-puede-hacer-la-industria-grafica-para-luchar-contra-el-cambio-climatico\/","og_site_name":"FESPA Espa\u00f1a Magazine","article_published_time":"2022-11-30T12:21:40+00:00","article_modified_time":"2022-12-09T10:55:10+00:00","og_image":[{"width":750,"height":375,"url":"https:\/\/fespa.es\/news\/wp-content\/uploads\/2022\/11\/MAIN-COP27.jpg","type":"image\/jpeg"}],"author":"admin","twitter_card":"summary_large_image","twitter_misc":{"Escrito por":"admin","Tiempo de lectura":"6 minutos"},"schema":{"@context":"https:\/\/schema.org","@graph":[{"@type":"WebPage","@id":"https:\/\/fespa.es\/news\/index.php\/2022\/11\/30\/cop-27-que-puede-hacer-la-industria-grafica-para-luchar-contra-el-cambio-climatico\/","url":"https:\/\/fespa.es\/news\/index.php\/2022\/11\/30\/cop-27-que-puede-hacer-la-industria-grafica-para-luchar-contra-el-cambio-climatico\/","name":"COP 27: \u00bfQu\u00e9 puede hacer la industria gr\u00e1fica para luchar contra el cambio clim\u00e1tico? - FESPA Espa\u00f1a Magazine","isPartOf":{"@id":"https:\/\/fespa.es\/news\/#website"},"primaryImageOfPage":{"@id":"https:\/\/fespa.es\/news\/index.php\/2022\/11\/30\/cop-27-que-puede-hacer-la-industria-grafica-para-luchar-contra-el-cambio-climatico\/#primaryimage"},"image":{"@id":"https:\/\/fespa.es\/news\/index.php\/2022\/11\/30\/cop-27-que-puede-hacer-la-industria-grafica-para-luchar-contra-el-cambio-climatico\/#primaryimage"},"thumbnailUrl":"https:\/\/fespa.es\/news\/wp-content\/uploads\/2022\/11\/MAIN-COP27.jpg","datePublished":"2022-11-30T12:21:40+00:00","dateModified":"2022-12-09T10:55:10+00:00","author":{"@id":"https:\/\/fespa.es\/news\/#\/schema\/person\/0019098322836346476fc7dfdbd26d95"},"breadcrumb":{"@id":"https:\/\/fespa.es\/news\/index.php\/2022\/11\/30\/cop-27-que-puede-hacer-la-industria-grafica-para-luchar-contra-el-cambio-climatico\/#breadcrumb"},"inLanguage":"es","potentialAction":[{"@type":"ReadAction","target":["https:\/\/fespa.es\/news\/index.php\/2022\/11\/30\/cop-27-que-puede-hacer-la-industria-grafica-para-luchar-contra-el-cambio-climatico\/"]}]},{"@type":"ImageObject","inLanguage":"es","@id":"https:\/\/fespa.es\/news\/index.php\/2022\/11\/30\/cop-27-que-puede-hacer-la-industria-grafica-para-luchar-contra-el-cambio-climatico\/#primaryimage","url":"https:\/\/fespa.es\/news\/wp-content\/uploads\/2022\/11\/MAIN-COP27.jpg","contentUrl":"https:\/\/fespa.es\/news\/wp-content\/uploads\/2022\/11\/MAIN-COP27.jpg","width":750,"height":375},{"@type":"BreadcrumbList","@id":"https:\/\/fespa.es\/news\/index.php\/2022\/11\/30\/cop-27-que-puede-hacer-la-industria-grafica-para-luchar-contra-el-cambio-climatico\/#breadcrumb","itemListElement":[{"@type":"ListItem","position":1,"name":"Portada","item":"https:\/\/fespa.es\/news\/"},{"@type":"ListItem","position":2,"name":"COP 27: \u00bfQu\u00e9 puede hacer la industria gr\u00e1fica para luchar contra el cambio clim\u00e1tico?"}]},{"@type":"WebSite","@id":"https:\/\/fespa.es\/news\/#website","url":"https:\/\/fespa.es\/news\/","name":"FESPA Espa\u00f1a Magazine","description":"El Peri\u00f3dico de la industria de la comunicaci\u00f3n visual","potentialAction":[{"@type":"SearchAction","target":{"@type":"EntryPoint","urlTemplate":"https:\/\/fespa.es\/news\/?s={search_term_string}"},"query-input":{"@type":"PropertyValueSpecification","valueRequired":true,"valueName":"search_term_string"}}],"inLanguage":"es"},{"@type":"Person","@id":"https:\/\/fespa.es\/news\/#\/schema\/person\/0019098322836346476fc7dfdbd26d95","name":"admin","image":{"@type":"ImageObject","inLanguage":"es","@id":"https:\/\/fespa.es\/news\/#\/schema\/person\/image\/","url":"https:\/\/secure.gravatar.com\/avatar\/6a6c60542c39a2d052b8b1e8c5145e669bf888b9b229b3da0e43092daac8a32e?s=96&d=mm&r=g","contentUrl":"https:\/\/secure.gravatar.com\/avatar\/6a6c60542c39a2d052b8b1e8c5145e669bf888b9b229b3da0e43092daac8a32e?s=96&d=mm&r=g","caption":"admin"},"url":"https:\/\/fespa.es\/news\/index.php\/author\/admin\/"}]}},"_links":{"self":[{"href":"https:\/\/fespa.es\/news\/index.php\/wp-json\/wp\/v2\/posts\/1794","targetHints":{"allow":["GET"]}}],"collection":[{"href":"https:\/\/fespa.es\/news\/index.php\/wp-json\/wp\/v2\/posts"}],"about":[{"href":"https:\/\/fespa.es\/news\/index.php\/wp-json\/wp\/v2\/types\/post"}],"author":[{"embeddable":true,"href":"https:\/\/fespa.es\/news\/index.php\/wp-json\/wp\/v2\/users\/1"}],"replies":[{"embeddable":true,"href":"https:\/\/fespa.es\/news\/index.php\/wp-json\/wp\/v2\/comments?post=1794"}],"version-history":[{"count":2,"href":"https:\/\/fespa.es\/news\/index.php\/wp-json\/wp\/v2\/posts\/1794\/revisions"}],"predecessor-version":[{"id":1799,"href":"https:\/\/fespa.es\/news\/index.php\/wp-json\/wp\/v2\/posts\/1794\/revisions\/1799"}],"wp:featuredmedia":[{"embeddable":true,"href":"https:\/\/fespa.es\/news\/index.php\/wp-json\/wp\/v2\/media\/1795"}],"wp:attachment":[{"href":"https:\/\/fespa.es\/news\/index.php\/wp-json\/wp\/v2\/media?parent=1794"}],"wp:term":[{"taxonomy":"category","embeddable":true,"href":"https:\/\/fespa.es\/news\/index.php\/wp-json\/wp\/v2\/categories?post=1794"},{"taxonomy":"post_tag","embeddable":true,"href":"https:\/\/fespa.es\/news\/index.php\/wp-json\/wp\/v2\/tags?post=1794"}],"curies":[{"name":"wp","href":"https:\/\/api.w.org\/{rel}","templated":true}]}}