{"id":160,"date":"2017-02-17T08:13:33","date_gmt":"2017-02-17T08:13:33","guid":{"rendered":"http:\/\/fespa.es\/news\/?p=160"},"modified":"2017-03-26T08:15:04","modified_gmt":"2017-03-26T08:15:04","slug":"disfrutamos-de-un-plan-estrategico-perfectamente-definido-con-acciones-concretas-en-un-marco-temporal-para-mejorar-la-eficiencia-y-los-resultados-de-la-organizacion","status":"publish","type":"post","link":"https:\/\/fespa.es\/news\/index.php\/2017\/02\/17\/disfrutamos-de-un-plan-estrategico-perfectamente-definido-con-acciones-concretas-en-un-marco-temporal-para-mejorar-la-eficiencia-y-los-resultados-de-la-organizacion\/","title":{"rendered":"\u201cDisfrutamos de un plan estrat\u00e9gico perfectamente definido, con acciones concretas en un marco temporal para mejorar la eficiencia y los resultados de la organizaci\u00f3n\u201d"},"content":{"rendered":"<p>En este art\u00edculo sintetizamos y ordenamos algunas de las reflexiones m\u00e1s interesantes que el Secretario General de Fespa Espa\u00f1a, Pablo Serrano, realiz\u00f3 recientemente para la revista Interempresas, a prop\u00f3sito de la reciente celebraci\u00f3n de los 25 a\u00f1os de vida de nuestra organizaci\u00f3n y del IV Congreso de nuestra entidad.<\/p>\n<p><b><strong>Balance del IV Congreso de Fespa Espa\u00f1a<\/strong><\/b>.<\/p>\n<p>En este congreso hemos intentado condensar lo que la asociaci\u00f3n ofrece a sus socios: formaci\u00f3n a trav\u00e9s de conferencias, informaci\u00f3n a trav\u00e9s de demos de maquinaria, networking a trav\u00e9s de mesas de negocios y promoci\u00f3n de las empresas y del sector a trav\u00e9s de los II Premios Fespa Espa\u00f1a Ram\u00f3n Sayans.<\/p>\n<p><b><strong>Valoraci\u00f3n personal sobre esta nueva edici\u00f3n del evento.<\/strong><\/b><\/p>\n<p>Estamos satisfechos porque el congreso va tomando carisma pues ha sido la cuarta edici\u00f3n. Desde mi punto de vista, se han cumplido objetivos, aunque en Fespa Espa\u00f1a somos muy exigentes con nosotros mismos y trabajamos cada d\u00eda para superarlos siempre.<\/p>\n<p><b><strong>L\u00edneas maestras y enfoque del Plan Estrat\u00e9gico del Sector 2017-2019.<\/strong><\/b><\/p>\n<p>La idea primordial ha sido dar una respuesta integral a la evoluci\u00f3n tan r\u00e1pida que est\u00e1 experimentando el sector. En esa l\u00ednea, hemos estructurado el desarrollo en torno a estas preguntas: \u2018\u00bfC\u00f3mo puedo hacer las cosas para mejorar mis procesos?\u2019. \u2018\u00bfC\u00f3mo puedo transformar ese plan estrat\u00e9gico en un plan de acci\u00f3n?\u2019.<\/p>\n<p>Convertir las ideas y la estrategia en un plan de acci\u00f3n perfectamente definido, con acciones concretas en un marco temporal para mejorar la eficiencia y los resultados de la organizaci\u00f3n, que pasa por afinar en la relaci\u00f3n con los socios y potenciales nuevos socios. Lo haremos gracias al conocimiento que hemos extra\u00eddo de las encuestas y entrevistas que hemos desarrollado para determinar el an\u00e1lisis de socios, no socios y colaboradores. Hemos obtenido una fotograf\u00eda integral de c\u00f3mo est\u00e1 el sector, de lo que sienten, necesitan y esperan sus principales actores. Estamos muy contentos del alto nivel de participaci\u00f3n que hemos obtenido, clave para definir con m\u00e1s nitidez esa radiograf\u00eda del sector.<\/p>\n<p><b><strong>Objetivos de ese plan.<\/strong><\/b><\/p>\n<p>Muchos y ambiciosos. Me permito indicar las l\u00edneas de futuro para no entrar al detalle de ellas:<\/p>\n<p>L\u00ednea 1: Profesionalizar Fespa Espa\u00f1a a trav\u00e9s de un modelo econ\u00f3micamente sostenible para el futuro<\/p>\n<p>L\u00ednea 2: Reforzar y posicionar la marca Fespa Espa\u00f1a en el sector de impresi\u00f3n de la comunicaci\u00f3n visual<\/p>\n<p>L\u00ednea 3: Convertir Fespa Espa\u00f1a en la asociaci\u00f3n que aglutine el conjunto de la cadena de valor del sector.<\/p>\n<p>L\u00ednea 4: Transformar Fespa Espa\u00f1a en una organizaci\u00f3n din\u00e1mica para todas las empresas asociadas.<\/p>\n<p>L\u00ednea 5: Posicionar Fespa Espa\u00f1a como la asociaci\u00f3n que permite profesionalizar y ser el motor del cambio del sector.<\/p>\n<p>L\u00ednea 6: Reforzar el peso de Fespa Espa\u00f1a en Fespa Internacional.<\/p>\n<p>L\u00ednea 7: Ser el motor que fomente la cooperaci\u00f3n entre las empresas.<\/p>\n<p><b><strong>Las debilidades y fortalezas de la asociaci\u00f3n, seg\u00fan el plan.<\/strong><\/b><\/p>\n<p>Las debilidades: participaci\u00f3n e implicaci\u00f3n de los asociados, falta de recursos y mejora de la propuesta de valor. Sobre las fortalezas destacamos la buena imagen de la asociaci\u00f3n, el respaldo de una marca como Fespa y la oportunidad de desarrollo internacional; el trato cercano y la r\u00e1pida respuesta a las consultas as\u00ed como la informaci\u00f3n y formaci\u00f3n que la consideran fiable. Por \u00faltimo, el networking y compa\u00f1erismo, as\u00ed como la percepci\u00f3n de que se recibe un valor superior a la cuota que se paga.<\/p>\n","protected":false},"excerpt":{"rendered":"<p>En este art\u00edculo sintetizamos y ordenamos algunas de las reflexiones m\u00e1s interesantes que el Secretario General de Fespa Espa\u00f1a, Pablo Serrano, realiz\u00f3 recientemente para la revista Interempresas, a prop\u00f3sito de la reciente celebraci\u00f3n de los 25 a\u00f1os de vida de nuestra organizaci\u00f3n y del IV Congreso de nuestra entidad. Balance del IV Congreso de Fespa&hellip;<\/p>\n","protected":false},"author":1,"featured_media":161,"comment_status":"open","ping_status":"open","sticky":false,"template":"","format":"standard","meta":{"footnotes":""},"categories":[3,2],"tags":[],"class_list":["post-160","post","type-post","status-publish","format-standard","has-post-thumbnail","hentry","category-el-sector","category-entrevistas"],"yoast_head":"<!-- This site is optimized with the Yoast SEO plugin v25.8 - https:\/\/yoast.com\/wordpress\/plugins\/seo\/ -->\n<title>\u201cDisfrutamos de un plan estrat\u00e9gico perfectamente definido, con acciones concretas en un marco temporal para mejorar la eficiencia y los resultados de la organizaci\u00f3n\u201d - FESPA Espa\u00f1a Magazine<\/title>\n<meta name=\"robots\" content=\"index, follow, max-snippet:-1, max-image-preview:large, max-video-preview:-1\" \/>\n<link rel=\"canonical\" href=\"https:\/\/fespa.es\/news\/index.php\/2017\/02\/17\/disfrutamos-de-un-plan-estrategico-perfectamente-definido-con-acciones-concretas-en-un-marco-temporal-para-mejorar-la-eficiencia-y-los-resultados-de-la-organizacion\/\" \/>\n<meta property=\"og:locale\" content=\"es_ES\" \/>\n<meta property=\"og:type\" content=\"article\" \/>\n<meta property=\"og:title\" content=\"\u201cDisfrutamos de un plan estrat\u00e9gico perfectamente definido, con acciones concretas en un marco temporal para mejorar la eficiencia y los resultados de la organizaci\u00f3n\u201d - FESPA Espa\u00f1a Magazine\" \/>\n<meta property=\"og:description\" content=\"En este art\u00edculo sintetizamos y ordenamos algunas de las reflexiones m\u00e1s interesantes que el Secretario General de Fespa Espa\u00f1a, Pablo Serrano, realiz\u00f3 recientemente para la revista Interempresas, a prop\u00f3sito de la reciente celebraci\u00f3n de los 25 a\u00f1os de vida de nuestra organizaci\u00f3n y del IV Congreso de nuestra entidad. Balance del IV Congreso de Fespa&hellip;\" \/>\n<meta property=\"og:url\" content=\"https:\/\/fespa.es\/news\/index.php\/2017\/02\/17\/disfrutamos-de-un-plan-estrategico-perfectamente-definido-con-acciones-concretas-en-un-marco-temporal-para-mejorar-la-eficiencia-y-los-resultados-de-la-organizacion\/\" \/>\n<meta property=\"og:site_name\" content=\"FESPA Espa\u00f1a Magazine\" \/>\n<meta property=\"article:published_time\" content=\"2017-02-17T08:13:33+00:00\" \/>\n<meta property=\"article:modified_time\" content=\"2017-03-26T08:15:04+00:00\" \/>\n<meta property=\"og:image\" content=\"https:\/\/fespa.es\/news\/wp-content\/uploads\/2017\/03\/04a27973.jpg\" \/>\n\t<meta property=\"og:image:width\" content=\"387\" \/>\n\t<meta property=\"og:image:height\" content=\"387\" \/>\n\t<meta property=\"og:image:type\" content=\"image\/jpeg\" \/>\n<meta name=\"author\" content=\"admin\" \/>\n<meta name=\"twitter:card\" content=\"summary_large_image\" \/>\n<meta name=\"twitter:label1\" content=\"Escrito por\" \/>\n\t<meta name=\"twitter:data1\" content=\"admin\" \/>\n\t<meta name=\"twitter:label2\" content=\"Tiempo de lectura\" \/>\n\t<meta name=\"twitter:data2\" content=\"3 minutos\" \/>\n<script type=\"application\/ld+json\" class=\"yoast-schema-graph\">{\"@context\":\"https:\/\/schema.org\",\"@graph\":[{\"@type\":\"WebPage\",\"@id\":\"https:\/\/fespa.es\/news\/index.php\/2017\/02\/17\/disfrutamos-de-un-plan-estrategico-perfectamente-definido-con-acciones-concretas-en-un-marco-temporal-para-mejorar-la-eficiencia-y-los-resultados-de-la-organizacion\/\",\"url\":\"https:\/\/fespa.es\/news\/index.php\/2017\/02\/17\/disfrutamos-de-un-plan-estrategico-perfectamente-definido-con-acciones-concretas-en-un-marco-temporal-para-mejorar-la-eficiencia-y-los-resultados-de-la-organizacion\/\",\"name\":\"\u201cDisfrutamos de un plan estrat\u00e9gico perfectamente definido, con acciones concretas en un marco temporal para mejorar la eficiencia y los resultados de la organizaci\u00f3n\u201d - FESPA Espa\u00f1a Magazine\",\"isPartOf\":{\"@id\":\"https:\/\/fespa.es\/news\/#website\"},\"primaryImageOfPage\":{\"@id\":\"https:\/\/fespa.es\/news\/index.php\/2017\/02\/17\/disfrutamos-de-un-plan-estrategico-perfectamente-definido-con-acciones-concretas-en-un-marco-temporal-para-mejorar-la-eficiencia-y-los-resultados-de-la-organizacion\/#primaryimage\"},\"image\":{\"@id\":\"https:\/\/fespa.es\/news\/index.php\/2017\/02\/17\/disfrutamos-de-un-plan-estrategico-perfectamente-definido-con-acciones-concretas-en-un-marco-temporal-para-mejorar-la-eficiencia-y-los-resultados-de-la-organizacion\/#primaryimage\"},\"thumbnailUrl\":\"https:\/\/fespa.es\/news\/wp-content\/uploads\/2017\/03\/04a27973.jpg\",\"datePublished\":\"2017-02-17T08:13:33+00:00\",\"dateModified\":\"2017-03-26T08:15:04+00:00\",\"author\":{\"@id\":\"https:\/\/fespa.es\/news\/#\/schema\/person\/0019098322836346476fc7dfdbd26d95\"},\"breadcrumb\":{\"@id\":\"https:\/\/fespa.es\/news\/index.php\/2017\/02\/17\/disfrutamos-de-un-plan-estrategico-perfectamente-definido-con-acciones-concretas-en-un-marco-temporal-para-mejorar-la-eficiencia-y-los-resultados-de-la-organizacion\/#breadcrumb\"},\"inLanguage\":\"es\",\"potentialAction\":[{\"@type\":\"ReadAction\",\"target\":[\"https:\/\/fespa.es\/news\/index.php\/2017\/02\/17\/disfrutamos-de-un-plan-estrategico-perfectamente-definido-con-acciones-concretas-en-un-marco-temporal-para-mejorar-la-eficiencia-y-los-resultados-de-la-organizacion\/\"]}]},{\"@type\":\"ImageObject\",\"inLanguage\":\"es\",\"@id\":\"https:\/\/fespa.es\/news\/index.php\/2017\/02\/17\/disfrutamos-de-un-plan-estrategico-perfectamente-definido-con-acciones-concretas-en-un-marco-temporal-para-mejorar-la-eficiencia-y-los-resultados-de-la-organizacion\/#primaryimage\",\"url\":\"https:\/\/fespa.es\/news\/wp-content\/uploads\/2017\/03\/04a27973.jpg\",\"contentUrl\":\"https:\/\/fespa.es\/news\/wp-content\/uploads\/2017\/03\/04a27973.jpg\",\"width\":387,\"height\":387},{\"@type\":\"BreadcrumbList\",\"@id\":\"https:\/\/fespa.es\/news\/index.php\/2017\/02\/17\/disfrutamos-de-un-plan-estrategico-perfectamente-definido-con-acciones-concretas-en-un-marco-temporal-para-mejorar-la-eficiencia-y-los-resultados-de-la-organizacion\/#breadcrumb\",\"itemListElement\":[{\"@type\":\"ListItem\",\"position\":1,\"name\":\"Portada\",\"item\":\"https:\/\/fespa.es\/news\/\"},{\"@type\":\"ListItem\",\"position\":2,\"name\":\"\u201cDisfrutamos de un plan estrat\u00e9gico perfectamente definido, con acciones concretas en un marco temporal para mejorar la eficiencia y los resultados de la organizaci\u00f3n\u201d\"}]},{\"@type\":\"WebSite\",\"@id\":\"https:\/\/fespa.es\/news\/#website\",\"url\":\"https:\/\/fespa.es\/news\/\",\"name\":\"FESPA Espa\u00f1a Magazine\",\"description\":\"El Peri\u00f3dico de la industria de la comunicaci\u00f3n visual\",\"potentialAction\":[{\"@type\":\"SearchAction\",\"target\":{\"@type\":\"EntryPoint\",\"urlTemplate\":\"https:\/\/fespa.es\/news\/?s={search_term_string}\"},\"query-input\":{\"@type\":\"PropertyValueSpecification\",\"valueRequired\":true,\"valueName\":\"search_term_string\"}}],\"inLanguage\":\"es\"},{\"@type\":\"Person\",\"@id\":\"https:\/\/fespa.es\/news\/#\/schema\/person\/0019098322836346476fc7dfdbd26d95\",\"name\":\"admin\",\"image\":{\"@type\":\"ImageObject\",\"inLanguage\":\"es\",\"@id\":\"https:\/\/fespa.es\/news\/#\/schema\/person\/image\/\",\"url\":\"https:\/\/secure.gravatar.com\/avatar\/6a6c60542c39a2d052b8b1e8c5145e669bf888b9b229b3da0e43092daac8a32e?s=96&d=mm&r=g\",\"contentUrl\":\"https:\/\/secure.gravatar.com\/avatar\/6a6c60542c39a2d052b8b1e8c5145e669bf888b9b229b3da0e43092daac8a32e?s=96&d=mm&r=g\",\"caption\":\"admin\"},\"url\":\"https:\/\/fespa.es\/news\/index.php\/author\/admin\/\"}]}<\/script>\n<!-- \/ Yoast SEO plugin. -->","yoast_head_json":{"title":"\u201cDisfrutamos de un plan estrat\u00e9gico perfectamente definido, con acciones concretas en un marco temporal para mejorar la eficiencia y los resultados de la organizaci\u00f3n\u201d - FESPA Espa\u00f1a Magazine","robots":{"index":"index","follow":"follow","max-snippet":"max-snippet:-1","max-image-preview":"max-image-preview:large","max-video-preview":"max-video-preview:-1"},"canonical":"https:\/\/fespa.es\/news\/index.php\/2017\/02\/17\/disfrutamos-de-un-plan-estrategico-perfectamente-definido-con-acciones-concretas-en-un-marco-temporal-para-mejorar-la-eficiencia-y-los-resultados-de-la-organizacion\/","og_locale":"es_ES","og_type":"article","og_title":"\u201cDisfrutamos de un plan estrat\u00e9gico perfectamente definido, con acciones concretas en un marco temporal para mejorar la eficiencia y los resultados de la organizaci\u00f3n\u201d - FESPA Espa\u00f1a Magazine","og_description":"En este art\u00edculo sintetizamos y ordenamos algunas de las reflexiones m\u00e1s interesantes que el Secretario General de Fespa Espa\u00f1a, Pablo Serrano, realiz\u00f3 recientemente para la revista Interempresas, a prop\u00f3sito de la reciente celebraci\u00f3n de los 25 a\u00f1os de vida de nuestra organizaci\u00f3n y del IV Congreso de nuestra entidad. Balance del IV Congreso de Fespa&hellip;","og_url":"https:\/\/fespa.es\/news\/index.php\/2017\/02\/17\/disfrutamos-de-un-plan-estrategico-perfectamente-definido-con-acciones-concretas-en-un-marco-temporal-para-mejorar-la-eficiencia-y-los-resultados-de-la-organizacion\/","og_site_name":"FESPA Espa\u00f1a Magazine","article_published_time":"2017-02-17T08:13:33+00:00","article_modified_time":"2017-03-26T08:15:04+00:00","og_image":[{"width":387,"height":387,"url":"https:\/\/fespa.es\/news\/wp-content\/uploads\/2017\/03\/04a27973.jpg","type":"image\/jpeg"}],"author":"admin","twitter_card":"summary_large_image","twitter_misc":{"Escrito por":"admin","Tiempo de lectura":"3 minutos"},"schema":{"@context":"https:\/\/schema.org","@graph":[{"@type":"WebPage","@id":"https:\/\/fespa.es\/news\/index.php\/2017\/02\/17\/disfrutamos-de-un-plan-estrategico-perfectamente-definido-con-acciones-concretas-en-un-marco-temporal-para-mejorar-la-eficiencia-y-los-resultados-de-la-organizacion\/","url":"https:\/\/fespa.es\/news\/index.php\/2017\/02\/17\/disfrutamos-de-un-plan-estrategico-perfectamente-definido-con-acciones-concretas-en-un-marco-temporal-para-mejorar-la-eficiencia-y-los-resultados-de-la-organizacion\/","name":"\u201cDisfrutamos de un plan estrat\u00e9gico perfectamente definido, con acciones concretas en un marco temporal para mejorar la eficiencia y los resultados de la organizaci\u00f3n\u201d - FESPA Espa\u00f1a Magazine","isPartOf":{"@id":"https:\/\/fespa.es\/news\/#website"},"primaryImageOfPage":{"@id":"https:\/\/fespa.es\/news\/index.php\/2017\/02\/17\/disfrutamos-de-un-plan-estrategico-perfectamente-definido-con-acciones-concretas-en-un-marco-temporal-para-mejorar-la-eficiencia-y-los-resultados-de-la-organizacion\/#primaryimage"},"image":{"@id":"https:\/\/fespa.es\/news\/index.php\/2017\/02\/17\/disfrutamos-de-un-plan-estrategico-perfectamente-definido-con-acciones-concretas-en-un-marco-temporal-para-mejorar-la-eficiencia-y-los-resultados-de-la-organizacion\/#primaryimage"},"thumbnailUrl":"https:\/\/fespa.es\/news\/wp-content\/uploads\/2017\/03\/04a27973.jpg","datePublished":"2017-02-17T08:13:33+00:00","dateModified":"2017-03-26T08:15:04+00:00","author":{"@id":"https:\/\/fespa.es\/news\/#\/schema\/person\/0019098322836346476fc7dfdbd26d95"},"breadcrumb":{"@id":"https:\/\/fespa.es\/news\/index.php\/2017\/02\/17\/disfrutamos-de-un-plan-estrategico-perfectamente-definido-con-acciones-concretas-en-un-marco-temporal-para-mejorar-la-eficiencia-y-los-resultados-de-la-organizacion\/#breadcrumb"},"inLanguage":"es","potentialAction":[{"@type":"ReadAction","target":["https:\/\/fespa.es\/news\/index.php\/2017\/02\/17\/disfrutamos-de-un-plan-estrategico-perfectamente-definido-con-acciones-concretas-en-un-marco-temporal-para-mejorar-la-eficiencia-y-los-resultados-de-la-organizacion\/"]}]},{"@type":"ImageObject","inLanguage":"es","@id":"https:\/\/fespa.es\/news\/index.php\/2017\/02\/17\/disfrutamos-de-un-plan-estrategico-perfectamente-definido-con-acciones-concretas-en-un-marco-temporal-para-mejorar-la-eficiencia-y-los-resultados-de-la-organizacion\/#primaryimage","url":"https:\/\/fespa.es\/news\/wp-content\/uploads\/2017\/03\/04a27973.jpg","contentUrl":"https:\/\/fespa.es\/news\/wp-content\/uploads\/2017\/03\/04a27973.jpg","width":387,"height":387},{"@type":"BreadcrumbList","@id":"https:\/\/fespa.es\/news\/index.php\/2017\/02\/17\/disfrutamos-de-un-plan-estrategico-perfectamente-definido-con-acciones-concretas-en-un-marco-temporal-para-mejorar-la-eficiencia-y-los-resultados-de-la-organizacion\/#breadcrumb","itemListElement":[{"@type":"ListItem","position":1,"name":"Portada","item":"https:\/\/fespa.es\/news\/"},{"@type":"ListItem","position":2,"name":"\u201cDisfrutamos de un plan estrat\u00e9gico perfectamente definido, con acciones concretas en un marco temporal para mejorar la eficiencia y los resultados de la organizaci\u00f3n\u201d"}]},{"@type":"WebSite","@id":"https:\/\/fespa.es\/news\/#website","url":"https:\/\/fespa.es\/news\/","name":"FESPA Espa\u00f1a Magazine","description":"El Peri\u00f3dico de la industria de la comunicaci\u00f3n visual","potentialAction":[{"@type":"SearchAction","target":{"@type":"EntryPoint","urlTemplate":"https:\/\/fespa.es\/news\/?s={search_term_string}"},"query-input":{"@type":"PropertyValueSpecification","valueRequired":true,"valueName":"search_term_string"}}],"inLanguage":"es"},{"@type":"Person","@id":"https:\/\/fespa.es\/news\/#\/schema\/person\/0019098322836346476fc7dfdbd26d95","name":"admin","image":{"@type":"ImageObject","inLanguage":"es","@id":"https:\/\/fespa.es\/news\/#\/schema\/person\/image\/","url":"https:\/\/secure.gravatar.com\/avatar\/6a6c60542c39a2d052b8b1e8c5145e669bf888b9b229b3da0e43092daac8a32e?s=96&d=mm&r=g","contentUrl":"https:\/\/secure.gravatar.com\/avatar\/6a6c60542c39a2d052b8b1e8c5145e669bf888b9b229b3da0e43092daac8a32e?s=96&d=mm&r=g","caption":"admin"},"url":"https:\/\/fespa.es\/news\/index.php\/author\/admin\/"}]}},"_links":{"self":[{"href":"https:\/\/fespa.es\/news\/index.php\/wp-json\/wp\/v2\/posts\/160","targetHints":{"allow":["GET"]}}],"collection":[{"href":"https:\/\/fespa.es\/news\/index.php\/wp-json\/wp\/v2\/posts"}],"about":[{"href":"https:\/\/fespa.es\/news\/index.php\/wp-json\/wp\/v2\/types\/post"}],"author":[{"embeddable":true,"href":"https:\/\/fespa.es\/news\/index.php\/wp-json\/wp\/v2\/users\/1"}],"replies":[{"embeddable":true,"href":"https:\/\/fespa.es\/news\/index.php\/wp-json\/wp\/v2\/comments?post=160"}],"version-history":[{"count":1,"href":"https:\/\/fespa.es\/news\/index.php\/wp-json\/wp\/v2\/posts\/160\/revisions"}],"predecessor-version":[{"id":162,"href":"https:\/\/fespa.es\/news\/index.php\/wp-json\/wp\/v2\/posts\/160\/revisions\/162"}],"wp:featuredmedia":[{"embeddable":true,"href":"https:\/\/fespa.es\/news\/index.php\/wp-json\/wp\/v2\/media\/161"}],"wp:attachment":[{"href":"https:\/\/fespa.es\/news\/index.php\/wp-json\/wp\/v2\/media?parent=160"}],"wp:term":[{"taxonomy":"category","embeddable":true,"href":"https:\/\/fespa.es\/news\/index.php\/wp-json\/wp\/v2\/categories?post=160"},{"taxonomy":"post_tag","embeddable":true,"href":"https:\/\/fespa.es\/news\/index.php\/wp-json\/wp\/v2\/tags?post=160"}],"curies":[{"name":"wp","href":"https:\/\/api.w.org\/{rel}","templated":true}]}}