{"id":156,"date":"2017-02-01T08:08:22","date_gmt":"2017-02-01T08:08:22","guid":{"rendered":"http:\/\/fespa.es\/news\/?p=156"},"modified":"2017-03-26T08:14:28","modified_gmt":"2017-03-26T08:14:28","slug":"fespa-espana-ofrece-la-oportunidad-de-descargarse-el-documento-oficial-que-informa-e-ilustra-sobre-lo-mas-relevante-de-los-ii-premios-ramon-sayans","status":"publish","type":"post","link":"https:\/\/fespa.es\/news\/index.php\/2017\/02\/01\/fespa-espana-ofrece-la-oportunidad-de-descargarse-el-documento-oficial-que-informa-e-ilustra-sobre-lo-mas-relevante-de-los-ii-premios-ramon-sayans\/","title":{"rendered":"Fespa Espa\u00f1a ofrece la oportunidad de descargarse el documento oficial que informa e ilustra sobre lo m\u00e1s relevante de los II Premios Ram\u00f3n Sayans"},"content":{"rendered":"<p><em>Imagen correspondiente a Hab\u00eda una vez, la obra ganadora de los Premios Ram\u00f3n Sayans, de la empresa de Christian Walter\u00a0<\/em><\/p>\n<p>Los premios Ram\u00f3n Sayans honran con su nombre a uno de los pioneros y las referencias de la serigraf\u00eda en nuestro pa\u00eds, adem\u00e1s de primer presidente de Fespa Espa\u00f1a. Estos galardones estimulan la excelencia en la impresi\u00f3n de la Comunicaci\u00f3n Visual. En su segunda edici\u00f3n, la obra ganadora ha sido \u2018Hab\u00eda una vez\u2019 de la empresa Christian Walter; premiada tambi\u00e9n en el \u00e1mbito de la serigraf\u00eda.<\/p>\n<p><em>Imagen correspondiente al Primer Premio de la segunda edici\u00f3n de los Premios Ram\u00f3n Sayans, Hab\u00eda una vez, de la empresa Christian Walter<\/em>As\u00ed mismo, han merecido reconocimiento la empresa Sanca por su trabajo \u2018Disney\u2019 en el apartado digital y Panorama por su creaci\u00f3n \u2018Decoraci\u00f3n Mutua Madrid Open 2016\u2019.<\/p>\n<p>Para explicar lo m\u00e1s relevante de estos premios, desde su proceso de designaci\u00f3n hasta las cualidades que el jurado apreci\u00f3 en las obras ganadoras, Fespa Espa\u00f1a ha confeccionado un documento en el que tambi\u00e9nse precisan las caracter\u00edsticas t\u00e9cnicas de cada trabajo y se ilustra cada de una de ellos con im\u00e1genes de alta resoluci\u00f3n.<\/p>\n<p>La II edici\u00f3n de los Premios Ram\u00f3n Sayans, que reconocen lo m\u00e1s destacado de la producci\u00f3n nacional en el \u00e1mbito de la impresi\u00f3n de la comunicaci\u00f3n visual, correspondi\u00f3 a la obra \u2018\u00c9rase una vez\u2019, realizada por la empresa Christian Walter, en la categor\u00eda absoluta y de serigraf\u00eda. El galard\u00f3n a la mejor obra digital fue para la empresa Sanca por su trabajo \u2018Disney\u2019. Mientras que el premio a la mejor categor\u00eda mixta distingui\u00f3 la creaci\u00f3n de la empresa Panorama, por su trabajo \u2018Decoraci\u00f3n Mutua Madrid Open 2016\u2019.El Presidente de Fespa Espa\u00f1a, Josep Tobella, quiso expresar un agradecimiento especial a las empresas que han congregado los premios.<\/p>\n<p>\u201cQuiero agradecer enormemente la participaci\u00f3n de todas las empresas que han concurrido a los premios\u201d, al tiempo que resaltaba que \u201ctodos los trabajos presentados ten\u00edan calidad. Y eso es muy positivo para Fespa Espa\u00f1a como entidad organizadora del concurso\u201d.Con el fin de contribuir a la difusi\u00f3n de estos premios, Fespa Espa\u00f1a ha elaborado un documento oficial de los galardones. En el mismo se presentan cada uno de los trabajos premiados con fotograf\u00edas de alta resoluci\u00f3n. Adem\u00e1s, se explica la funci\u00f3n gen\u00e9rica que cumplen estos reconocimientos y la proyecci\u00f3n que tienen en el \u00e1mbito internacional, en el marco de la cita que Fespa Internacional celebrar\u00e1 en la ciudad alemana de Hamburgo del 8 al 12 de mayo. El documento explica tambi\u00e9n que el jurado de los premios ha estado compuesto por tres miembros, lo que facilita que no se puedan producir empates.<\/p>\n<p>Para valorar los diferentes trabajos se ha seguido un sistema de puntuaciones con diferentes apartados. En cada categor\u00eda, se ha declarado ganador a qui\u00e9n obtiene la m\u00e1xima puntuaci\u00f3n. En el documento se detallan tambi\u00e9n las caracter\u00edsticas y los m\u00e9ritos de las tres obras ganadoras, as\u00ed como de los trabajos que obtuvieron un acc\u00e9sit y una menci\u00f3n especial. Los interesados en descargarse el documento pueden hacerlo en <a href=\"http:\/\/fespa.es\/wp-content\/uploads\/Documento-II-Premios-Ram%C3%B3n-Sayans-20161.pdf\">este enlace<\/a>.<\/p>\n","protected":false},"excerpt":{"rendered":"<p>Imagen correspondiente a Hab\u00eda una vez, la obra ganadora de los Premios Ram\u00f3n Sayans, de la empresa de Christian Walter\u00a0 Los premios Ram\u00f3n Sayans honran con su nombre a uno de los pioneros y las referencias de la serigraf\u00eda en nuestro pa\u00eds, adem\u00e1s de primer presidente de Fespa Espa\u00f1a. Estos galardones estimulan la excelencia en&hellip;<\/p>\n","protected":false},"author":1,"featured_media":157,"comment_status":"open","ping_status":"open","sticky":false,"template":"","format":"standard","meta":{"footnotes":""},"categories":[8,9,1],"tags":[],"class_list":["post-156","post","type-post","status-publish","format-standard","has-post-thumbnail","hentry","category-eventos","category-fespa","category-sin-categoria"],"yoast_head":"<!-- This site is optimized with the Yoast SEO plugin v25.8 - https:\/\/yoast.com\/wordpress\/plugins\/seo\/ -->\n<title>Fespa Espa\u00f1a ofrece la oportunidad de descargarse el documento oficial que informa e ilustra sobre lo m\u00e1s relevante de los II Premios Ram\u00f3n Sayans - FESPA Espa\u00f1a Magazine<\/title>\n<meta name=\"robots\" content=\"index, follow, max-snippet:-1, max-image-preview:large, max-video-preview:-1\" \/>\n<link rel=\"canonical\" href=\"https:\/\/fespa.es\/news\/index.php\/2017\/02\/01\/fespa-espana-ofrece-la-oportunidad-de-descargarse-el-documento-oficial-que-informa-e-ilustra-sobre-lo-mas-relevante-de-los-ii-premios-ramon-sayans\/\" \/>\n<meta property=\"og:locale\" content=\"es_ES\" \/>\n<meta property=\"og:type\" content=\"article\" \/>\n<meta property=\"og:title\" content=\"Fespa Espa\u00f1a ofrece la oportunidad de descargarse el documento oficial que informa e ilustra sobre lo m\u00e1s relevante de los II Premios Ram\u00f3n Sayans - FESPA Espa\u00f1a Magazine\" \/>\n<meta property=\"og:description\" content=\"Imagen correspondiente a Hab\u00eda una vez, la obra ganadora de los Premios Ram\u00f3n Sayans, de la empresa de Christian Walter\u00a0 Los premios Ram\u00f3n Sayans honran con su nombre a uno de los pioneros y las referencias de la serigraf\u00eda en nuestro pa\u00eds, adem\u00e1s de primer presidente de Fespa Espa\u00f1a. Estos galardones estimulan la excelencia en&hellip;\" \/>\n<meta property=\"og:url\" content=\"https:\/\/fespa.es\/news\/index.php\/2017\/02\/01\/fespa-espana-ofrece-la-oportunidad-de-descargarse-el-documento-oficial-que-informa-e-ilustra-sobre-lo-mas-relevante-de-los-ii-premios-ramon-sayans\/\" \/>\n<meta property=\"og:site_name\" content=\"FESPA Espa\u00f1a Magazine\" \/>\n<meta property=\"article:published_time\" content=\"2017-02-01T08:08:22+00:00\" \/>\n<meta property=\"article:modified_time\" content=\"2017-03-26T08:14:28+00:00\" \/>\n<meta property=\"og:image\" content=\"https:\/\/fespa.es\/news\/wp-content\/uploads\/2017\/03\/foto-christian-walter_rs2016_opt.jpg\" \/>\n\t<meta property=\"og:image:width\" content=\"400\" \/>\n\t<meta property=\"og:image:height\" content=\"225\" \/>\n\t<meta property=\"og:image:type\" content=\"image\/jpeg\" \/>\n<meta name=\"author\" content=\"admin\" \/>\n<meta name=\"twitter:card\" content=\"summary_large_image\" \/>\n<meta name=\"twitter:label1\" content=\"Escrito por\" \/>\n\t<meta name=\"twitter:data1\" content=\"admin\" \/>\n\t<meta name=\"twitter:label2\" content=\"Tiempo de lectura\" \/>\n\t<meta name=\"twitter:data2\" content=\"3 minutos\" \/>\n<script type=\"application\/ld+json\" class=\"yoast-schema-graph\">{\"@context\":\"https:\/\/schema.org\",\"@graph\":[{\"@type\":\"WebPage\",\"@id\":\"https:\/\/fespa.es\/news\/index.php\/2017\/02\/01\/fespa-espana-ofrece-la-oportunidad-de-descargarse-el-documento-oficial-que-informa-e-ilustra-sobre-lo-mas-relevante-de-los-ii-premios-ramon-sayans\/\",\"url\":\"https:\/\/fespa.es\/news\/index.php\/2017\/02\/01\/fespa-espana-ofrece-la-oportunidad-de-descargarse-el-documento-oficial-que-informa-e-ilustra-sobre-lo-mas-relevante-de-los-ii-premios-ramon-sayans\/\",\"name\":\"Fespa Espa\u00f1a ofrece la oportunidad de descargarse el documento oficial que informa e ilustra sobre lo m\u00e1s relevante de los II Premios Ram\u00f3n Sayans - FESPA Espa\u00f1a Magazine\",\"isPartOf\":{\"@id\":\"https:\/\/fespa.es\/news\/#website\"},\"primaryImageOfPage\":{\"@id\":\"https:\/\/fespa.es\/news\/index.php\/2017\/02\/01\/fespa-espana-ofrece-la-oportunidad-de-descargarse-el-documento-oficial-que-informa-e-ilustra-sobre-lo-mas-relevante-de-los-ii-premios-ramon-sayans\/#primaryimage\"},\"image\":{\"@id\":\"https:\/\/fespa.es\/news\/index.php\/2017\/02\/01\/fespa-espana-ofrece-la-oportunidad-de-descargarse-el-documento-oficial-que-informa-e-ilustra-sobre-lo-mas-relevante-de-los-ii-premios-ramon-sayans\/#primaryimage\"},\"thumbnailUrl\":\"https:\/\/fespa.es\/news\/wp-content\/uploads\/2017\/03\/foto-christian-walter_rs2016_opt.jpg\",\"datePublished\":\"2017-02-01T08:08:22+00:00\",\"dateModified\":\"2017-03-26T08:14:28+00:00\",\"author\":{\"@id\":\"https:\/\/fespa.es\/news\/#\/schema\/person\/0019098322836346476fc7dfdbd26d95\"},\"breadcrumb\":{\"@id\":\"https:\/\/fespa.es\/news\/index.php\/2017\/02\/01\/fespa-espana-ofrece-la-oportunidad-de-descargarse-el-documento-oficial-que-informa-e-ilustra-sobre-lo-mas-relevante-de-los-ii-premios-ramon-sayans\/#breadcrumb\"},\"inLanguage\":\"es\",\"potentialAction\":[{\"@type\":\"ReadAction\",\"target\":[\"https:\/\/fespa.es\/news\/index.php\/2017\/02\/01\/fespa-espana-ofrece-la-oportunidad-de-descargarse-el-documento-oficial-que-informa-e-ilustra-sobre-lo-mas-relevante-de-los-ii-premios-ramon-sayans\/\"]}]},{\"@type\":\"ImageObject\",\"inLanguage\":\"es\",\"@id\":\"https:\/\/fespa.es\/news\/index.php\/2017\/02\/01\/fespa-espana-ofrece-la-oportunidad-de-descargarse-el-documento-oficial-que-informa-e-ilustra-sobre-lo-mas-relevante-de-los-ii-premios-ramon-sayans\/#primaryimage\",\"url\":\"https:\/\/fespa.es\/news\/wp-content\/uploads\/2017\/03\/foto-christian-walter_rs2016_opt.jpg\",\"contentUrl\":\"https:\/\/fespa.es\/news\/wp-content\/uploads\/2017\/03\/foto-christian-walter_rs2016_opt.jpg\",\"width\":400,\"height\":225},{\"@type\":\"BreadcrumbList\",\"@id\":\"https:\/\/fespa.es\/news\/index.php\/2017\/02\/01\/fespa-espana-ofrece-la-oportunidad-de-descargarse-el-documento-oficial-que-informa-e-ilustra-sobre-lo-mas-relevante-de-los-ii-premios-ramon-sayans\/#breadcrumb\",\"itemListElement\":[{\"@type\":\"ListItem\",\"position\":1,\"name\":\"Portada\",\"item\":\"https:\/\/fespa.es\/news\/\"},{\"@type\":\"ListItem\",\"position\":2,\"name\":\"Fespa Espa\u00f1a ofrece la oportunidad de descargarse el documento oficial que informa e ilustra sobre lo m\u00e1s relevante de los II Premios Ram\u00f3n Sayans\"}]},{\"@type\":\"WebSite\",\"@id\":\"https:\/\/fespa.es\/news\/#website\",\"url\":\"https:\/\/fespa.es\/news\/\",\"name\":\"FESPA Espa\u00f1a Magazine\",\"description\":\"El Peri\u00f3dico de la industria de la comunicaci\u00f3n visual\",\"potentialAction\":[{\"@type\":\"SearchAction\",\"target\":{\"@type\":\"EntryPoint\",\"urlTemplate\":\"https:\/\/fespa.es\/news\/?s={search_term_string}\"},\"query-input\":{\"@type\":\"PropertyValueSpecification\",\"valueRequired\":true,\"valueName\":\"search_term_string\"}}],\"inLanguage\":\"es\"},{\"@type\":\"Person\",\"@id\":\"https:\/\/fespa.es\/news\/#\/schema\/person\/0019098322836346476fc7dfdbd26d95\",\"name\":\"admin\",\"image\":{\"@type\":\"ImageObject\",\"inLanguage\":\"es\",\"@id\":\"https:\/\/fespa.es\/news\/#\/schema\/person\/image\/\",\"url\":\"https:\/\/secure.gravatar.com\/avatar\/6a6c60542c39a2d052b8b1e8c5145e669bf888b9b229b3da0e43092daac8a32e?s=96&d=mm&r=g\",\"contentUrl\":\"https:\/\/secure.gravatar.com\/avatar\/6a6c60542c39a2d052b8b1e8c5145e669bf888b9b229b3da0e43092daac8a32e?s=96&d=mm&r=g\",\"caption\":\"admin\"},\"url\":\"https:\/\/fespa.es\/news\/index.php\/author\/admin\/\"}]}<\/script>\n<!-- \/ Yoast SEO plugin. -->","yoast_head_json":{"title":"Fespa Espa\u00f1a ofrece la oportunidad de descargarse el documento oficial que informa e ilustra sobre lo m\u00e1s relevante de los II Premios Ram\u00f3n Sayans - FESPA Espa\u00f1a Magazine","robots":{"index":"index","follow":"follow","max-snippet":"max-snippet:-1","max-image-preview":"max-image-preview:large","max-video-preview":"max-video-preview:-1"},"canonical":"https:\/\/fespa.es\/news\/index.php\/2017\/02\/01\/fespa-espana-ofrece-la-oportunidad-de-descargarse-el-documento-oficial-que-informa-e-ilustra-sobre-lo-mas-relevante-de-los-ii-premios-ramon-sayans\/","og_locale":"es_ES","og_type":"article","og_title":"Fespa Espa\u00f1a ofrece la oportunidad de descargarse el documento oficial que informa e ilustra sobre lo m\u00e1s relevante de los II Premios Ram\u00f3n Sayans - FESPA Espa\u00f1a Magazine","og_description":"Imagen correspondiente a Hab\u00eda una vez, la obra ganadora de los Premios Ram\u00f3n Sayans, de la empresa de Christian Walter\u00a0 Los premios Ram\u00f3n Sayans honran con su nombre a uno de los pioneros y las referencias de la serigraf\u00eda en nuestro pa\u00eds, adem\u00e1s de primer presidente de Fespa Espa\u00f1a. Estos galardones estimulan la excelencia en&hellip;","og_url":"https:\/\/fespa.es\/news\/index.php\/2017\/02\/01\/fespa-espana-ofrece-la-oportunidad-de-descargarse-el-documento-oficial-que-informa-e-ilustra-sobre-lo-mas-relevante-de-los-ii-premios-ramon-sayans\/","og_site_name":"FESPA Espa\u00f1a Magazine","article_published_time":"2017-02-01T08:08:22+00:00","article_modified_time":"2017-03-26T08:14:28+00:00","og_image":[{"width":400,"height":225,"url":"https:\/\/fespa.es\/news\/wp-content\/uploads\/2017\/03\/foto-christian-walter_rs2016_opt.jpg","type":"image\/jpeg"}],"author":"admin","twitter_card":"summary_large_image","twitter_misc":{"Escrito por":"admin","Tiempo de lectura":"3 minutos"},"schema":{"@context":"https:\/\/schema.org","@graph":[{"@type":"WebPage","@id":"https:\/\/fespa.es\/news\/index.php\/2017\/02\/01\/fespa-espana-ofrece-la-oportunidad-de-descargarse-el-documento-oficial-que-informa-e-ilustra-sobre-lo-mas-relevante-de-los-ii-premios-ramon-sayans\/","url":"https:\/\/fespa.es\/news\/index.php\/2017\/02\/01\/fespa-espana-ofrece-la-oportunidad-de-descargarse-el-documento-oficial-que-informa-e-ilustra-sobre-lo-mas-relevante-de-los-ii-premios-ramon-sayans\/","name":"Fespa Espa\u00f1a ofrece la oportunidad de descargarse el documento oficial que informa e ilustra sobre lo m\u00e1s relevante de los II Premios Ram\u00f3n Sayans - FESPA Espa\u00f1a Magazine","isPartOf":{"@id":"https:\/\/fespa.es\/news\/#website"},"primaryImageOfPage":{"@id":"https:\/\/fespa.es\/news\/index.php\/2017\/02\/01\/fespa-espana-ofrece-la-oportunidad-de-descargarse-el-documento-oficial-que-informa-e-ilustra-sobre-lo-mas-relevante-de-los-ii-premios-ramon-sayans\/#primaryimage"},"image":{"@id":"https:\/\/fespa.es\/news\/index.php\/2017\/02\/01\/fespa-espana-ofrece-la-oportunidad-de-descargarse-el-documento-oficial-que-informa-e-ilustra-sobre-lo-mas-relevante-de-los-ii-premios-ramon-sayans\/#primaryimage"},"thumbnailUrl":"https:\/\/fespa.es\/news\/wp-content\/uploads\/2017\/03\/foto-christian-walter_rs2016_opt.jpg","datePublished":"2017-02-01T08:08:22+00:00","dateModified":"2017-03-26T08:14:28+00:00","author":{"@id":"https:\/\/fespa.es\/news\/#\/schema\/person\/0019098322836346476fc7dfdbd26d95"},"breadcrumb":{"@id":"https:\/\/fespa.es\/news\/index.php\/2017\/02\/01\/fespa-espana-ofrece-la-oportunidad-de-descargarse-el-documento-oficial-que-informa-e-ilustra-sobre-lo-mas-relevante-de-los-ii-premios-ramon-sayans\/#breadcrumb"},"inLanguage":"es","potentialAction":[{"@type":"ReadAction","target":["https:\/\/fespa.es\/news\/index.php\/2017\/02\/01\/fespa-espana-ofrece-la-oportunidad-de-descargarse-el-documento-oficial-que-informa-e-ilustra-sobre-lo-mas-relevante-de-los-ii-premios-ramon-sayans\/"]}]},{"@type":"ImageObject","inLanguage":"es","@id":"https:\/\/fespa.es\/news\/index.php\/2017\/02\/01\/fespa-espana-ofrece-la-oportunidad-de-descargarse-el-documento-oficial-que-informa-e-ilustra-sobre-lo-mas-relevante-de-los-ii-premios-ramon-sayans\/#primaryimage","url":"https:\/\/fespa.es\/news\/wp-content\/uploads\/2017\/03\/foto-christian-walter_rs2016_opt.jpg","contentUrl":"https:\/\/fespa.es\/news\/wp-content\/uploads\/2017\/03\/foto-christian-walter_rs2016_opt.jpg","width":400,"height":225},{"@type":"BreadcrumbList","@id":"https:\/\/fespa.es\/news\/index.php\/2017\/02\/01\/fespa-espana-ofrece-la-oportunidad-de-descargarse-el-documento-oficial-que-informa-e-ilustra-sobre-lo-mas-relevante-de-los-ii-premios-ramon-sayans\/#breadcrumb","itemListElement":[{"@type":"ListItem","position":1,"name":"Portada","item":"https:\/\/fespa.es\/news\/"},{"@type":"ListItem","position":2,"name":"Fespa Espa\u00f1a ofrece la oportunidad de descargarse el documento oficial que informa e ilustra sobre lo m\u00e1s relevante de los II Premios Ram\u00f3n Sayans"}]},{"@type":"WebSite","@id":"https:\/\/fespa.es\/news\/#website","url":"https:\/\/fespa.es\/news\/","name":"FESPA Espa\u00f1a Magazine","description":"El Peri\u00f3dico de la industria de la comunicaci\u00f3n visual","potentialAction":[{"@type":"SearchAction","target":{"@type":"EntryPoint","urlTemplate":"https:\/\/fespa.es\/news\/?s={search_term_string}"},"query-input":{"@type":"PropertyValueSpecification","valueRequired":true,"valueName":"search_term_string"}}],"inLanguage":"es"},{"@type":"Person","@id":"https:\/\/fespa.es\/news\/#\/schema\/person\/0019098322836346476fc7dfdbd26d95","name":"admin","image":{"@type":"ImageObject","inLanguage":"es","@id":"https:\/\/fespa.es\/news\/#\/schema\/person\/image\/","url":"https:\/\/secure.gravatar.com\/avatar\/6a6c60542c39a2d052b8b1e8c5145e669bf888b9b229b3da0e43092daac8a32e?s=96&d=mm&r=g","contentUrl":"https:\/\/secure.gravatar.com\/avatar\/6a6c60542c39a2d052b8b1e8c5145e669bf888b9b229b3da0e43092daac8a32e?s=96&d=mm&r=g","caption":"admin"},"url":"https:\/\/fespa.es\/news\/index.php\/author\/admin\/"}]}},"_links":{"self":[{"href":"https:\/\/fespa.es\/news\/index.php\/wp-json\/wp\/v2\/posts\/156","targetHints":{"allow":["GET"]}}],"collection":[{"href":"https:\/\/fespa.es\/news\/index.php\/wp-json\/wp\/v2\/posts"}],"about":[{"href":"https:\/\/fespa.es\/news\/index.php\/wp-json\/wp\/v2\/types\/post"}],"author":[{"embeddable":true,"href":"https:\/\/fespa.es\/news\/index.php\/wp-json\/wp\/v2\/users\/1"}],"replies":[{"embeddable":true,"href":"https:\/\/fespa.es\/news\/index.php\/wp-json\/wp\/v2\/comments?post=156"}],"version-history":[{"count":2,"href":"https:\/\/fespa.es\/news\/index.php\/wp-json\/wp\/v2\/posts\/156\/revisions"}],"predecessor-version":[{"id":159,"href":"https:\/\/fespa.es\/news\/index.php\/wp-json\/wp\/v2\/posts\/156\/revisions\/159"}],"wp:featuredmedia":[{"embeddable":true,"href":"https:\/\/fespa.es\/news\/index.php\/wp-json\/wp\/v2\/media\/157"}],"wp:attachment":[{"href":"https:\/\/fespa.es\/news\/index.php\/wp-json\/wp\/v2\/media?parent=156"}],"wp:term":[{"taxonomy":"category","embeddable":true,"href":"https:\/\/fespa.es\/news\/index.php\/wp-json\/wp\/v2\/categories?post=156"},{"taxonomy":"post_tag","embeddable":true,"href":"https:\/\/fespa.es\/news\/index.php\/wp-json\/wp\/v2\/tags?post=156"}],"curies":[{"name":"wp","href":"https:\/\/api.w.org\/{rel}","templated":true}]}}