{"id":1207,"date":"2020-09-16T09:30:02","date_gmt":"2020-09-16T09:30:02","guid":{"rendered":"http:\/\/fespa.es\/news\/?p=1207"},"modified":"2020-10-09T08:23:49","modified_gmt":"2020-10-09T08:23:49","slug":"mis-trabajadores-y-trabajadoras-estan-muy-comprometidos-y-dispuestos-a-hacer-sacrificios-por-sacar-la-empresa-adelante","status":"publish","type":"post","link":"https:\/\/fespa.es\/news\/index.php\/2020\/09\/16\/mis-trabajadores-y-trabajadoras-estan-muy-comprometidos-y-dispuestos-a-hacer-sacrificios-por-sacar-la-empresa-adelante\/","title":{"rendered":"\u201cMis trabajadores y trabajadoras est\u00e1n muy comprometidos y dispuestos a hacer sacrificios por sacar la empresa adelante\u201d"},"content":{"rendered":"<p>Los \u00faltimos meses no est\u00e1n siendo f\u00e1ciles para el sector de la comunicaci\u00f3n visual. En \u00c1divin Banderas las ventas han ca\u00eddo un 44 por ciento desde el inicio de la pandemia y no creen que se recuperen hasta 2024. Pero su gerente, <strong>Juan Antonio Moreno<\/strong>, ve el lado positivo en la dedicaci\u00f3n y la actitud de sus trabajadores, que \u201cluchan por ser positivos y entusiastas en momentos realmente duros\u201d.<\/p>\n<p><strong>Estamos viviendo una crisis econ\u00f3mica grave derivada de la crisis sanitaria de la Covid-19 \u00bfC\u00f3mo os est\u00e1 afectando en \u00c1divin Banderas esta situaci\u00f3n? <\/strong><\/p>\n<p>Han ca\u00eddo nuestras ventas un 44%. Hemos tenido que despedir a muchos trabajadores e introducir a otros en un ERTE.<\/p>\n<p><strong>\u00bfC\u00f3mo est\u00e1is adapt\u00e1ndoos a este escenario para seguir trabajando?<\/strong><\/p>\n<p>No hemos cambiado ni un mil\u00edmetro. \u00c1divin es un todo compacto y cerrado. Para poder ser tan baratos, no podemos tocar nada.<\/p>\n<p><strong>\u00bfCu\u00e1l es el perfil de principales clientes y qu\u00e9 es lo que m\u00e1s os demandan en estos momentos?<\/strong><\/p>\n<p>Seguimos vendiendo exclusivamente a rotulistas y publicistas. Durante el confinamiento nos ped\u00edan pancartas con mensajes de esperanza o contra el gobierno.<\/p>\n<p><strong>El sector de la comunicaci\u00f3n visual se ha reivindicado como esencial en la nueva normalidad para se\u00f1alizar las nuevas medidas de seguridad necesarias para evitar la transmisi\u00f3n del virus \u00bfLos clientes utilizan vuestros productos con este fin? \u00bfimpuls\u00e1is este aspecto?<\/strong><\/p>\n<p>Nuestros distribuidores han salvado el a\u00f1o vendiendo mamparas y vinilos para se\u00f1alizar. Yo me alegro mucho. Pero las banderas no sirven para ese fin por desgracia, s\u00f3lo son publicitarias o de manifestaci\u00f3n.<\/p>\n<p><strong>Los momentos de dificultad nos obligan a reorganizarnos y a buscar soluciones creativas \u00bfqu\u00e9 novedades est\u00e1is impulsando en Adivin Banderas que cre\u00e1is que vais a mantener a largo plazo?<\/strong><\/p>\n<p>La fabricaci\u00f3n y entrega en 24h antes de las 11:30h en toda Europa<\/p>\n<p><strong>Los efectos sociales de esta crisis est\u00e1n siendo muy duros. Pero \u00bfhay algo positivo que est\u00e9is sacando de esta situaci\u00f3n? \u00bfAlg\u00fan aprendizaje que destacar\u00edas de estos meses? <\/strong><\/p>\n<p>Las personas nunca dejan de sorprenderme. He aprendido mucho al ver c\u00f3mo todos mis trabajadores y trabajadoras est\u00e1n muy comprometidos y dispuestos a hacer muchos sacrificios por sacar la producci\u00f3n y la empresa adelante, luchando por ser positivos y entusiastas en momentos que han sido realmente duros. \u00c9sta es, quiz\u00e1, la parte \u201cbuena\u201d de todo lo que est\u00e1 pasando en la actualidad. El ser humano es maravilloso.<\/p>\n<p><strong>Ha pasado medio a\u00f1o desde el inicio de la pandemia y la crisis econ\u00f3mica derivada de ella \u00bfcu\u00e1nto tiempo cre\u00e9is que va a ser necesario para volver a los niveles de trabajo anteriores a esta situaci\u00f3n?<\/strong><\/p>\n<p>Hasta 2024 no volveremos a la facturaci\u00f3n de 2019<\/p>\n<p><strong>El virus ha obligado a posponer o cancelar las ediciones de este a\u00f1o de las ferias m\u00e1s importantes del sector, en las que Adivin Banderas suele estar presente \u00bfEst\u00e1is poniendo en marcha formas alternativas para promocionar vuestro trabajo? <\/strong><\/p>\n<p>Nunca invertimos en SEM ni en Google Ads. As\u00ed que no hacemos nada ahora. Iremos a Fespa Munich 2022\u2026 si se puede.<\/p>\n<p><strong>\u00bfCrees que en momentos como el que estamos viviendo tiene especial sentido pertenecer a una asociaci\u00f3n como FESPA Espa\u00f1a?<\/strong><\/p>\n<p>Por supuesto. Haces Networking. Est\u00e1s informado de todo lo que pasa en el sector. Hablas con otros colegas, de c\u00f3mo est\u00e1n llevando la crisis. Siempre leo vuestra newsletter.<\/p>\n","protected":false},"excerpt":{"rendered":"<p>Los \u00faltimos meses no est\u00e1n siendo f\u00e1ciles para el sector de la comunicaci\u00f3n visual. En \u00c1divin Banderas las ventas han ca\u00eddo un 44 por ciento desde el inicio de la pandemia y no creen que se recuperen hasta 2024. Pero su gerente, Juan Antonio Moreno, ve el lado positivo en la dedicaci\u00f3n y la actitud&hellip;<\/p>\n","protected":false},"author":1,"featured_media":1208,"comment_status":"closed","ping_status":"closed","sticky":false,"template":"","format":"standard","meta":{"footnotes":""},"categories":[13,2],"tags":[],"class_list":["post-1207","post","type-post","status-publish","format-standard","has-post-thumbnail","hentry","category-asociados","category-entrevistas"],"yoast_head":"<!-- This site is optimized with the Yoast SEO plugin v25.8 - https:\/\/yoast.com\/wordpress\/plugins\/seo\/ -->\n<title>\u201cMis trabajadores y trabajadoras est\u00e1n muy comprometidos y dispuestos a hacer sacrificios por sacar la empresa adelante\u201d - FESPA Espa\u00f1a Magazine<\/title>\n<meta name=\"robots\" content=\"index, follow, max-snippet:-1, max-image-preview:large, max-video-preview:-1\" \/>\n<link rel=\"canonical\" href=\"https:\/\/fespa.es\/news\/index.php\/2020\/09\/16\/mis-trabajadores-y-trabajadoras-estan-muy-comprometidos-y-dispuestos-a-hacer-sacrificios-por-sacar-la-empresa-adelante\/\" \/>\n<meta property=\"og:locale\" content=\"es_ES\" \/>\n<meta property=\"og:type\" content=\"article\" \/>\n<meta property=\"og:title\" content=\"\u201cMis trabajadores y trabajadoras est\u00e1n muy comprometidos y dispuestos a hacer sacrificios por sacar la empresa adelante\u201d - FESPA Espa\u00f1a Magazine\" \/>\n<meta property=\"og:description\" content=\"Los \u00faltimos meses no est\u00e1n siendo f\u00e1ciles para el sector de la comunicaci\u00f3n visual. En \u00c1divin Banderas las ventas han ca\u00eddo un 44 por ciento desde el inicio de la pandemia y no creen que se recuperen hasta 2024. Pero su gerente, Juan Antonio Moreno, ve el lado positivo en la dedicaci\u00f3n y la actitud&hellip;\" \/>\n<meta property=\"og:url\" content=\"https:\/\/fespa.es\/news\/index.php\/2020\/09\/16\/mis-trabajadores-y-trabajadoras-estan-muy-comprometidos-y-dispuestos-a-hacer-sacrificios-por-sacar-la-empresa-adelante\/\" \/>\n<meta property=\"og:site_name\" content=\"FESPA Espa\u00f1a Magazine\" \/>\n<meta property=\"article:published_time\" content=\"2020-09-16T09:30:02+00:00\" \/>\n<meta property=\"article:modified_time\" content=\"2020-10-09T08:23:49+00:00\" \/>\n<meta property=\"og:image\" content=\"https:\/\/fespa.es\/news\/wp-content\/uploads\/2020\/09\/Conferencia-2.jpg\" \/>\n\t<meta property=\"og:image:width\" content=\"1024\" \/>\n\t<meta property=\"og:image:height\" content=\"683\" \/>\n\t<meta property=\"og:image:type\" content=\"image\/jpeg\" \/>\n<meta name=\"author\" content=\"admin\" \/>\n<meta name=\"twitter:card\" content=\"summary_large_image\" \/>\n<meta name=\"twitter:label1\" content=\"Escrito por\" \/>\n\t<meta name=\"twitter:data1\" content=\"admin\" \/>\n\t<meta name=\"twitter:label2\" content=\"Tiempo de lectura\" \/>\n\t<meta name=\"twitter:data2\" content=\"3 minutos\" \/>\n<script type=\"application\/ld+json\" class=\"yoast-schema-graph\">{\"@context\":\"https:\/\/schema.org\",\"@graph\":[{\"@type\":\"WebPage\",\"@id\":\"https:\/\/fespa.es\/news\/index.php\/2020\/09\/16\/mis-trabajadores-y-trabajadoras-estan-muy-comprometidos-y-dispuestos-a-hacer-sacrificios-por-sacar-la-empresa-adelante\/\",\"url\":\"https:\/\/fespa.es\/news\/index.php\/2020\/09\/16\/mis-trabajadores-y-trabajadoras-estan-muy-comprometidos-y-dispuestos-a-hacer-sacrificios-por-sacar-la-empresa-adelante\/\",\"name\":\"\u201cMis trabajadores y trabajadoras est\u00e1n muy comprometidos y dispuestos a hacer sacrificios por sacar la empresa adelante\u201d - FESPA Espa\u00f1a Magazine\",\"isPartOf\":{\"@id\":\"https:\/\/fespa.es\/news\/#website\"},\"primaryImageOfPage\":{\"@id\":\"https:\/\/fespa.es\/news\/index.php\/2020\/09\/16\/mis-trabajadores-y-trabajadoras-estan-muy-comprometidos-y-dispuestos-a-hacer-sacrificios-por-sacar-la-empresa-adelante\/#primaryimage\"},\"image\":{\"@id\":\"https:\/\/fespa.es\/news\/index.php\/2020\/09\/16\/mis-trabajadores-y-trabajadoras-estan-muy-comprometidos-y-dispuestos-a-hacer-sacrificios-por-sacar-la-empresa-adelante\/#primaryimage\"},\"thumbnailUrl\":\"https:\/\/fespa.es\/news\/wp-content\/uploads\/2020\/09\/Conferencia-2.jpg\",\"datePublished\":\"2020-09-16T09:30:02+00:00\",\"dateModified\":\"2020-10-09T08:23:49+00:00\",\"author\":{\"@id\":\"https:\/\/fespa.es\/news\/#\/schema\/person\/0019098322836346476fc7dfdbd26d95\"},\"breadcrumb\":{\"@id\":\"https:\/\/fespa.es\/news\/index.php\/2020\/09\/16\/mis-trabajadores-y-trabajadoras-estan-muy-comprometidos-y-dispuestos-a-hacer-sacrificios-por-sacar-la-empresa-adelante\/#breadcrumb\"},\"inLanguage\":\"es\",\"potentialAction\":[{\"@type\":\"ReadAction\",\"target\":[\"https:\/\/fespa.es\/news\/index.php\/2020\/09\/16\/mis-trabajadores-y-trabajadoras-estan-muy-comprometidos-y-dispuestos-a-hacer-sacrificios-por-sacar-la-empresa-adelante\/\"]}]},{\"@type\":\"ImageObject\",\"inLanguage\":\"es\",\"@id\":\"https:\/\/fespa.es\/news\/index.php\/2020\/09\/16\/mis-trabajadores-y-trabajadoras-estan-muy-comprometidos-y-dispuestos-a-hacer-sacrificios-por-sacar-la-empresa-adelante\/#primaryimage\",\"url\":\"https:\/\/fespa.es\/news\/wp-content\/uploads\/2020\/09\/Conferencia-2.jpg\",\"contentUrl\":\"https:\/\/fespa.es\/news\/wp-content\/uploads\/2020\/09\/Conferencia-2.jpg\",\"width\":1024,\"height\":683},{\"@type\":\"BreadcrumbList\",\"@id\":\"https:\/\/fespa.es\/news\/index.php\/2020\/09\/16\/mis-trabajadores-y-trabajadoras-estan-muy-comprometidos-y-dispuestos-a-hacer-sacrificios-por-sacar-la-empresa-adelante\/#breadcrumb\",\"itemListElement\":[{\"@type\":\"ListItem\",\"position\":1,\"name\":\"Portada\",\"item\":\"https:\/\/fespa.es\/news\/\"},{\"@type\":\"ListItem\",\"position\":2,\"name\":\"\u201cMis trabajadores y trabajadoras est\u00e1n muy comprometidos y dispuestos a hacer sacrificios por sacar la empresa adelante\u201d\"}]},{\"@type\":\"WebSite\",\"@id\":\"https:\/\/fespa.es\/news\/#website\",\"url\":\"https:\/\/fespa.es\/news\/\",\"name\":\"FESPA Espa\u00f1a Magazine\",\"description\":\"El Peri\u00f3dico de la industria de la comunicaci\u00f3n visual\",\"potentialAction\":[{\"@type\":\"SearchAction\",\"target\":{\"@type\":\"EntryPoint\",\"urlTemplate\":\"https:\/\/fespa.es\/news\/?s={search_term_string}\"},\"query-input\":{\"@type\":\"PropertyValueSpecification\",\"valueRequired\":true,\"valueName\":\"search_term_string\"}}],\"inLanguage\":\"es\"},{\"@type\":\"Person\",\"@id\":\"https:\/\/fespa.es\/news\/#\/schema\/person\/0019098322836346476fc7dfdbd26d95\",\"name\":\"admin\",\"image\":{\"@type\":\"ImageObject\",\"inLanguage\":\"es\",\"@id\":\"https:\/\/fespa.es\/news\/#\/schema\/person\/image\/\",\"url\":\"https:\/\/secure.gravatar.com\/avatar\/6a6c60542c39a2d052b8b1e8c5145e669bf888b9b229b3da0e43092daac8a32e?s=96&d=mm&r=g\",\"contentUrl\":\"https:\/\/secure.gravatar.com\/avatar\/6a6c60542c39a2d052b8b1e8c5145e669bf888b9b229b3da0e43092daac8a32e?s=96&d=mm&r=g\",\"caption\":\"admin\"},\"url\":\"https:\/\/fespa.es\/news\/index.php\/author\/admin\/\"}]}<\/script>\n<!-- \/ Yoast SEO plugin. -->","yoast_head_json":{"title":"\u201cMis trabajadores y trabajadoras est\u00e1n muy comprometidos y dispuestos a hacer sacrificios por sacar la empresa adelante\u201d - FESPA Espa\u00f1a Magazine","robots":{"index":"index","follow":"follow","max-snippet":"max-snippet:-1","max-image-preview":"max-image-preview:large","max-video-preview":"max-video-preview:-1"},"canonical":"https:\/\/fespa.es\/news\/index.php\/2020\/09\/16\/mis-trabajadores-y-trabajadoras-estan-muy-comprometidos-y-dispuestos-a-hacer-sacrificios-por-sacar-la-empresa-adelante\/","og_locale":"es_ES","og_type":"article","og_title":"\u201cMis trabajadores y trabajadoras est\u00e1n muy comprometidos y dispuestos a hacer sacrificios por sacar la empresa adelante\u201d - FESPA Espa\u00f1a Magazine","og_description":"Los \u00faltimos meses no est\u00e1n siendo f\u00e1ciles para el sector de la comunicaci\u00f3n visual. En \u00c1divin Banderas las ventas han ca\u00eddo un 44 por ciento desde el inicio de la pandemia y no creen que se recuperen hasta 2024. Pero su gerente, Juan Antonio Moreno, ve el lado positivo en la dedicaci\u00f3n y la actitud&hellip;","og_url":"https:\/\/fespa.es\/news\/index.php\/2020\/09\/16\/mis-trabajadores-y-trabajadoras-estan-muy-comprometidos-y-dispuestos-a-hacer-sacrificios-por-sacar-la-empresa-adelante\/","og_site_name":"FESPA Espa\u00f1a Magazine","article_published_time":"2020-09-16T09:30:02+00:00","article_modified_time":"2020-10-09T08:23:49+00:00","og_image":[{"width":1024,"height":683,"url":"https:\/\/fespa.es\/news\/wp-content\/uploads\/2020\/09\/Conferencia-2.jpg","type":"image\/jpeg"}],"author":"admin","twitter_card":"summary_large_image","twitter_misc":{"Escrito por":"admin","Tiempo de lectura":"3 minutos"},"schema":{"@context":"https:\/\/schema.org","@graph":[{"@type":"WebPage","@id":"https:\/\/fespa.es\/news\/index.php\/2020\/09\/16\/mis-trabajadores-y-trabajadoras-estan-muy-comprometidos-y-dispuestos-a-hacer-sacrificios-por-sacar-la-empresa-adelante\/","url":"https:\/\/fespa.es\/news\/index.php\/2020\/09\/16\/mis-trabajadores-y-trabajadoras-estan-muy-comprometidos-y-dispuestos-a-hacer-sacrificios-por-sacar-la-empresa-adelante\/","name":"\u201cMis trabajadores y trabajadoras est\u00e1n muy comprometidos y dispuestos a hacer sacrificios por sacar la empresa adelante\u201d - FESPA Espa\u00f1a Magazine","isPartOf":{"@id":"https:\/\/fespa.es\/news\/#website"},"primaryImageOfPage":{"@id":"https:\/\/fespa.es\/news\/index.php\/2020\/09\/16\/mis-trabajadores-y-trabajadoras-estan-muy-comprometidos-y-dispuestos-a-hacer-sacrificios-por-sacar-la-empresa-adelante\/#primaryimage"},"image":{"@id":"https:\/\/fespa.es\/news\/index.php\/2020\/09\/16\/mis-trabajadores-y-trabajadoras-estan-muy-comprometidos-y-dispuestos-a-hacer-sacrificios-por-sacar-la-empresa-adelante\/#primaryimage"},"thumbnailUrl":"https:\/\/fespa.es\/news\/wp-content\/uploads\/2020\/09\/Conferencia-2.jpg","datePublished":"2020-09-16T09:30:02+00:00","dateModified":"2020-10-09T08:23:49+00:00","author":{"@id":"https:\/\/fespa.es\/news\/#\/schema\/person\/0019098322836346476fc7dfdbd26d95"},"breadcrumb":{"@id":"https:\/\/fespa.es\/news\/index.php\/2020\/09\/16\/mis-trabajadores-y-trabajadoras-estan-muy-comprometidos-y-dispuestos-a-hacer-sacrificios-por-sacar-la-empresa-adelante\/#breadcrumb"},"inLanguage":"es","potentialAction":[{"@type":"ReadAction","target":["https:\/\/fespa.es\/news\/index.php\/2020\/09\/16\/mis-trabajadores-y-trabajadoras-estan-muy-comprometidos-y-dispuestos-a-hacer-sacrificios-por-sacar-la-empresa-adelante\/"]}]},{"@type":"ImageObject","inLanguage":"es","@id":"https:\/\/fespa.es\/news\/index.php\/2020\/09\/16\/mis-trabajadores-y-trabajadoras-estan-muy-comprometidos-y-dispuestos-a-hacer-sacrificios-por-sacar-la-empresa-adelante\/#primaryimage","url":"https:\/\/fespa.es\/news\/wp-content\/uploads\/2020\/09\/Conferencia-2.jpg","contentUrl":"https:\/\/fespa.es\/news\/wp-content\/uploads\/2020\/09\/Conferencia-2.jpg","width":1024,"height":683},{"@type":"BreadcrumbList","@id":"https:\/\/fespa.es\/news\/index.php\/2020\/09\/16\/mis-trabajadores-y-trabajadoras-estan-muy-comprometidos-y-dispuestos-a-hacer-sacrificios-por-sacar-la-empresa-adelante\/#breadcrumb","itemListElement":[{"@type":"ListItem","position":1,"name":"Portada","item":"https:\/\/fespa.es\/news\/"},{"@type":"ListItem","position":2,"name":"\u201cMis trabajadores y trabajadoras est\u00e1n muy comprometidos y dispuestos a hacer sacrificios por sacar la empresa adelante\u201d"}]},{"@type":"WebSite","@id":"https:\/\/fespa.es\/news\/#website","url":"https:\/\/fespa.es\/news\/","name":"FESPA Espa\u00f1a Magazine","description":"El Peri\u00f3dico de la industria de la comunicaci\u00f3n visual","potentialAction":[{"@type":"SearchAction","target":{"@type":"EntryPoint","urlTemplate":"https:\/\/fespa.es\/news\/?s={search_term_string}"},"query-input":{"@type":"PropertyValueSpecification","valueRequired":true,"valueName":"search_term_string"}}],"inLanguage":"es"},{"@type":"Person","@id":"https:\/\/fespa.es\/news\/#\/schema\/person\/0019098322836346476fc7dfdbd26d95","name":"admin","image":{"@type":"ImageObject","inLanguage":"es","@id":"https:\/\/fespa.es\/news\/#\/schema\/person\/image\/","url":"https:\/\/secure.gravatar.com\/avatar\/6a6c60542c39a2d052b8b1e8c5145e669bf888b9b229b3da0e43092daac8a32e?s=96&d=mm&r=g","contentUrl":"https:\/\/secure.gravatar.com\/avatar\/6a6c60542c39a2d052b8b1e8c5145e669bf888b9b229b3da0e43092daac8a32e?s=96&d=mm&r=g","caption":"admin"},"url":"https:\/\/fespa.es\/news\/index.php\/author\/admin\/"}]}},"_links":{"self":[{"href":"https:\/\/fespa.es\/news\/index.php\/wp-json\/wp\/v2\/posts\/1207","targetHints":{"allow":["GET"]}}],"collection":[{"href":"https:\/\/fespa.es\/news\/index.php\/wp-json\/wp\/v2\/posts"}],"about":[{"href":"https:\/\/fespa.es\/news\/index.php\/wp-json\/wp\/v2\/types\/post"}],"author":[{"embeddable":true,"href":"https:\/\/fespa.es\/news\/index.php\/wp-json\/wp\/v2\/users\/1"}],"replies":[{"embeddable":true,"href":"https:\/\/fespa.es\/news\/index.php\/wp-json\/wp\/v2\/comments?post=1207"}],"version-history":[{"count":1,"href":"https:\/\/fespa.es\/news\/index.php\/wp-json\/wp\/v2\/posts\/1207\/revisions"}],"predecessor-version":[{"id":1209,"href":"https:\/\/fespa.es\/news\/index.php\/wp-json\/wp\/v2\/posts\/1207\/revisions\/1209"}],"wp:featuredmedia":[{"embeddable":true,"href":"https:\/\/fespa.es\/news\/index.php\/wp-json\/wp\/v2\/media\/1208"}],"wp:attachment":[{"href":"https:\/\/fespa.es\/news\/index.php\/wp-json\/wp\/v2\/media?parent=1207"}],"wp:term":[{"taxonomy":"category","embeddable":true,"href":"https:\/\/fespa.es\/news\/index.php\/wp-json\/wp\/v2\/categories?post=1207"},{"taxonomy":"post_tag","embeddable":true,"href":"https:\/\/fespa.es\/news\/index.php\/wp-json\/wp\/v2\/tags?post=1207"}],"curies":[{"name":"wp","href":"https:\/\/api.w.org\/{rel}","templated":true}]}}