{"id":1077,"date":"2020-02-07T08:01:51","date_gmt":"2020-02-07T08:01:51","guid":{"rendered":"http:\/\/fespa.es\/news\/?p=1077"},"modified":"2020-03-04T12:05:55","modified_gmt":"2020-03-04T12:05:55","slug":"adivin-banderas-y-libecom-de-comunicacion-visual-estan-entre-las-800-empresas-espanolas-jovenes-que-mas-crecen","status":"publish","type":"post","link":"https:\/\/fespa.es\/news\/index.php\/2020\/02\/07\/adivin-banderas-y-libecom-de-comunicacion-visual-estan-entre-las-800-empresas-espanolas-jovenes-que-mas-crecen\/","title":{"rendered":"Adivin Banderas y Libecom de Comunicaci\u00f3n Visual est\u00e1n entre las 800 empresas espa\u00f1olas j\u00f3venes que m\u00e1s crecen"},"content":{"rendered":"<p>Las empresa Adivin Banderas \u2013socia colaboradora de FESPA Espa\u00f1a\u2013 y Libecom Comunicaci\u00f3n Visual \u2013asociada\u2013 est\u00e1n en el ranking de las 800 empresas j\u00f3venes que m\u00e1s r\u00e1pido crecen elaborado por el grupo de cr\u00e9dito Iberinform.<\/p>\n<p>A partir de los datos del registro mercantil, han localizado 834 empresas a las que llaman gacela: tienen menos de cinco a\u00f1os de vida, crecen a un ritmo mayor al 20 por ciento en cada uno de los tres \u00faltimos ejercicios, facturan m\u00e1s de 500.000 euros y tienen m\u00e1s de 10 empleados. De entre ellas, Libecom Comunicaci\u00f3n Visual ocupa el puesto 656 y Adivin Banderas el 792.<\/p>\n<p>Adivin Banderas es una compa\u00f1\u00eda para distribuidores de banderas. Su CEO, Juan Antonio Moreno, ha explicado su estrategia en varias ocasiones, por ejemplo en la pasada edici\u00f3n del congreso FESPA Europa del Sur, donde present\u00f3 su modelo basado en la reducci\u00f3n de costes gracias a la segmentaci\u00f3n de productos; la entrega en 24 horas y su venta exclusiva a trav\u00e9s de distribuidores y por medio de una tienda 100 por 100 online: \u201cAs\u00ed se reducen al m\u00e1ximo la relaci\u00f3n con los clientes, las operaciones administrativas, las operaciones contables y las comerciales, las operaciones de dise\u00f1o y las de postventa. Se trata de automatizar\u201d, explic\u00f3 Juan Antonio Moreno.<\/p>\n<p>Libecom de Comunicaci\u00f3n Visual tambi\u00e9n cumple los requisitos de tama\u00f1o y crecimiento del estudio de Iberinform. Es una empresa especializada en trabajos de impresi\u00f3n digital, formada por profesionales con experiencia en el sector y en continua formaci\u00f3n. Su modelo se basa en agilizar la producci\u00f3n y el servicio, reducir costes y cumplir los plazos de entrega.<\/p>\n","protected":false},"excerpt":{"rendered":"<p>Las empresa Adivin Banderas \u2013socia colaboradora de FESPA Espa\u00f1a\u2013 y Libecom Comunicaci\u00f3n Visual \u2013asociada\u2013 est\u00e1n en el ranking de las 800 empresas j\u00f3venes que m\u00e1s r\u00e1pido crecen elaborado por el grupo de cr\u00e9dito Iberinform. A partir de los datos del registro mercantil, han localizado 834 empresas a las que llaman gacela: tienen menos de cinco&hellip;<\/p>\n","protected":false},"author":1,"featured_media":1078,"comment_status":"closed","ping_status":"closed","sticky":false,"template":"","format":"standard","meta":{"footnotes":""},"categories":[13,3],"tags":[],"class_list":["post-1077","post","type-post","status-publish","format-standard","has-post-thumbnail","hentry","category-asociados","category-el-sector"],"yoast_head":"<!-- This site is optimized with the Yoast SEO plugin v25.8 - https:\/\/yoast.com\/wordpress\/plugins\/seo\/ -->\n<title>Adivin Banderas y Libecom de Comunicaci\u00f3n Visual est\u00e1n entre las 800 empresas espa\u00f1olas j\u00f3venes que m\u00e1s crecen - FESPA Espa\u00f1a Magazine<\/title>\n<meta name=\"robots\" content=\"index, follow, max-snippet:-1, max-image-preview:large, max-video-preview:-1\" \/>\n<link rel=\"canonical\" href=\"https:\/\/fespa.es\/news\/index.php\/2020\/02\/07\/adivin-banderas-y-libecom-de-comunicacion-visual-estan-entre-las-800-empresas-espanolas-jovenes-que-mas-crecen\/\" \/>\n<meta property=\"og:locale\" content=\"es_ES\" \/>\n<meta property=\"og:type\" content=\"article\" \/>\n<meta property=\"og:title\" content=\"Adivin Banderas y Libecom de Comunicaci\u00f3n Visual est\u00e1n entre las 800 empresas espa\u00f1olas j\u00f3venes que m\u00e1s crecen - FESPA Espa\u00f1a Magazine\" \/>\n<meta property=\"og:description\" content=\"Las empresa Adivin Banderas \u2013socia colaboradora de FESPA Espa\u00f1a\u2013 y Libecom Comunicaci\u00f3n Visual \u2013asociada\u2013 est\u00e1n en el ranking de las 800 empresas j\u00f3venes que m\u00e1s r\u00e1pido crecen elaborado por el grupo de cr\u00e9dito Iberinform. A partir de los datos del registro mercantil, han localizado 834 empresas a las que llaman gacela: tienen menos de cinco&hellip;\" \/>\n<meta property=\"og:url\" content=\"https:\/\/fespa.es\/news\/index.php\/2020\/02\/07\/adivin-banderas-y-libecom-de-comunicacion-visual-estan-entre-las-800-empresas-espanolas-jovenes-que-mas-crecen\/\" \/>\n<meta property=\"og:site_name\" content=\"FESPA Espa\u00f1a Magazine\" \/>\n<meta property=\"article:published_time\" content=\"2020-02-07T08:01:51+00:00\" \/>\n<meta property=\"article:modified_time\" content=\"2020-03-04T12:05:55+00:00\" \/>\n<meta property=\"og:image\" content=\"https:\/\/fespa.es\/news\/wp-content\/uploads\/2020\/02\/Foto-trabajadores.jpg\" \/>\n\t<meta property=\"og:image:width\" content=\"1368\" \/>\n\t<meta property=\"og:image:height\" content=\"770\" \/>\n\t<meta property=\"og:image:type\" content=\"image\/jpeg\" \/>\n<meta name=\"author\" content=\"admin\" \/>\n<meta name=\"twitter:card\" content=\"summary_large_image\" \/>\n<meta name=\"twitter:label1\" content=\"Escrito por\" \/>\n\t<meta name=\"twitter:data1\" content=\"admin\" \/>\n\t<meta name=\"twitter:label2\" content=\"Tiempo de lectura\" \/>\n\t<meta name=\"twitter:data2\" content=\"1 minuto\" \/>\n<script type=\"application\/ld+json\" class=\"yoast-schema-graph\">{\"@context\":\"https:\/\/schema.org\",\"@graph\":[{\"@type\":\"WebPage\",\"@id\":\"https:\/\/fespa.es\/news\/index.php\/2020\/02\/07\/adivin-banderas-y-libecom-de-comunicacion-visual-estan-entre-las-800-empresas-espanolas-jovenes-que-mas-crecen\/\",\"url\":\"https:\/\/fespa.es\/news\/index.php\/2020\/02\/07\/adivin-banderas-y-libecom-de-comunicacion-visual-estan-entre-las-800-empresas-espanolas-jovenes-que-mas-crecen\/\",\"name\":\"Adivin Banderas y Libecom de Comunicaci\u00f3n Visual est\u00e1n entre las 800 empresas espa\u00f1olas j\u00f3venes que m\u00e1s crecen - FESPA Espa\u00f1a Magazine\",\"isPartOf\":{\"@id\":\"https:\/\/fespa.es\/news\/#website\"},\"primaryImageOfPage\":{\"@id\":\"https:\/\/fespa.es\/news\/index.php\/2020\/02\/07\/adivin-banderas-y-libecom-de-comunicacion-visual-estan-entre-las-800-empresas-espanolas-jovenes-que-mas-crecen\/#primaryimage\"},\"image\":{\"@id\":\"https:\/\/fespa.es\/news\/index.php\/2020\/02\/07\/adivin-banderas-y-libecom-de-comunicacion-visual-estan-entre-las-800-empresas-espanolas-jovenes-que-mas-crecen\/#primaryimage\"},\"thumbnailUrl\":\"https:\/\/fespa.es\/news\/wp-content\/uploads\/2020\/02\/Foto-trabajadores.jpg\",\"datePublished\":\"2020-02-07T08:01:51+00:00\",\"dateModified\":\"2020-03-04T12:05:55+00:00\",\"author\":{\"@id\":\"https:\/\/fespa.es\/news\/#\/schema\/person\/0019098322836346476fc7dfdbd26d95\"},\"breadcrumb\":{\"@id\":\"https:\/\/fespa.es\/news\/index.php\/2020\/02\/07\/adivin-banderas-y-libecom-de-comunicacion-visual-estan-entre-las-800-empresas-espanolas-jovenes-que-mas-crecen\/#breadcrumb\"},\"inLanguage\":\"es\",\"potentialAction\":[{\"@type\":\"ReadAction\",\"target\":[\"https:\/\/fespa.es\/news\/index.php\/2020\/02\/07\/adivin-banderas-y-libecom-de-comunicacion-visual-estan-entre-las-800-empresas-espanolas-jovenes-que-mas-crecen\/\"]}]},{\"@type\":\"ImageObject\",\"inLanguage\":\"es\",\"@id\":\"https:\/\/fespa.es\/news\/index.php\/2020\/02\/07\/adivin-banderas-y-libecom-de-comunicacion-visual-estan-entre-las-800-empresas-espanolas-jovenes-que-mas-crecen\/#primaryimage\",\"url\":\"https:\/\/fespa.es\/news\/wp-content\/uploads\/2020\/02\/Foto-trabajadores.jpg\",\"contentUrl\":\"https:\/\/fespa.es\/news\/wp-content\/uploads\/2020\/02\/Foto-trabajadores.jpg\",\"width\":1368,\"height\":770},{\"@type\":\"BreadcrumbList\",\"@id\":\"https:\/\/fespa.es\/news\/index.php\/2020\/02\/07\/adivin-banderas-y-libecom-de-comunicacion-visual-estan-entre-las-800-empresas-espanolas-jovenes-que-mas-crecen\/#breadcrumb\",\"itemListElement\":[{\"@type\":\"ListItem\",\"position\":1,\"name\":\"Portada\",\"item\":\"https:\/\/fespa.es\/news\/\"},{\"@type\":\"ListItem\",\"position\":2,\"name\":\"Adivin Banderas y Libecom de Comunicaci\u00f3n Visual est\u00e1n entre las 800 empresas espa\u00f1olas j\u00f3venes que m\u00e1s crecen\"}]},{\"@type\":\"WebSite\",\"@id\":\"https:\/\/fespa.es\/news\/#website\",\"url\":\"https:\/\/fespa.es\/news\/\",\"name\":\"FESPA Espa\u00f1a Magazine\",\"description\":\"El Peri\u00f3dico de la industria de la comunicaci\u00f3n visual\",\"potentialAction\":[{\"@type\":\"SearchAction\",\"target\":{\"@type\":\"EntryPoint\",\"urlTemplate\":\"https:\/\/fespa.es\/news\/?s={search_term_string}\"},\"query-input\":{\"@type\":\"PropertyValueSpecification\",\"valueRequired\":true,\"valueName\":\"search_term_string\"}}],\"inLanguage\":\"es\"},{\"@type\":\"Person\",\"@id\":\"https:\/\/fespa.es\/news\/#\/schema\/person\/0019098322836346476fc7dfdbd26d95\",\"name\":\"admin\",\"image\":{\"@type\":\"ImageObject\",\"inLanguage\":\"es\",\"@id\":\"https:\/\/fespa.es\/news\/#\/schema\/person\/image\/\",\"url\":\"https:\/\/secure.gravatar.com\/avatar\/6a6c60542c39a2d052b8b1e8c5145e669bf888b9b229b3da0e43092daac8a32e?s=96&d=mm&r=g\",\"contentUrl\":\"https:\/\/secure.gravatar.com\/avatar\/6a6c60542c39a2d052b8b1e8c5145e669bf888b9b229b3da0e43092daac8a32e?s=96&d=mm&r=g\",\"caption\":\"admin\"},\"url\":\"https:\/\/fespa.es\/news\/index.php\/author\/admin\/\"}]}<\/script>\n<!-- \/ Yoast SEO plugin. -->","yoast_head_json":{"title":"Adivin Banderas y Libecom de Comunicaci\u00f3n Visual est\u00e1n entre las 800 empresas espa\u00f1olas j\u00f3venes que m\u00e1s crecen - FESPA Espa\u00f1a Magazine","robots":{"index":"index","follow":"follow","max-snippet":"max-snippet:-1","max-image-preview":"max-image-preview:large","max-video-preview":"max-video-preview:-1"},"canonical":"https:\/\/fespa.es\/news\/index.php\/2020\/02\/07\/adivin-banderas-y-libecom-de-comunicacion-visual-estan-entre-las-800-empresas-espanolas-jovenes-que-mas-crecen\/","og_locale":"es_ES","og_type":"article","og_title":"Adivin Banderas y Libecom de Comunicaci\u00f3n Visual est\u00e1n entre las 800 empresas espa\u00f1olas j\u00f3venes que m\u00e1s crecen - FESPA Espa\u00f1a Magazine","og_description":"Las empresa Adivin Banderas \u2013socia colaboradora de FESPA Espa\u00f1a\u2013 y Libecom Comunicaci\u00f3n Visual \u2013asociada\u2013 est\u00e1n en el ranking de las 800 empresas j\u00f3venes que m\u00e1s r\u00e1pido crecen elaborado por el grupo de cr\u00e9dito Iberinform. A partir de los datos del registro mercantil, han localizado 834 empresas a las que llaman gacela: tienen menos de cinco&hellip;","og_url":"https:\/\/fespa.es\/news\/index.php\/2020\/02\/07\/adivin-banderas-y-libecom-de-comunicacion-visual-estan-entre-las-800-empresas-espanolas-jovenes-que-mas-crecen\/","og_site_name":"FESPA Espa\u00f1a Magazine","article_published_time":"2020-02-07T08:01:51+00:00","article_modified_time":"2020-03-04T12:05:55+00:00","og_image":[{"width":1368,"height":770,"url":"https:\/\/fespa.es\/news\/wp-content\/uploads\/2020\/02\/Foto-trabajadores.jpg","type":"image\/jpeg"}],"author":"admin","twitter_card":"summary_large_image","twitter_misc":{"Escrito por":"admin","Tiempo de lectura":"1 minuto"},"schema":{"@context":"https:\/\/schema.org","@graph":[{"@type":"WebPage","@id":"https:\/\/fespa.es\/news\/index.php\/2020\/02\/07\/adivin-banderas-y-libecom-de-comunicacion-visual-estan-entre-las-800-empresas-espanolas-jovenes-que-mas-crecen\/","url":"https:\/\/fespa.es\/news\/index.php\/2020\/02\/07\/adivin-banderas-y-libecom-de-comunicacion-visual-estan-entre-las-800-empresas-espanolas-jovenes-que-mas-crecen\/","name":"Adivin Banderas y Libecom de Comunicaci\u00f3n Visual est\u00e1n entre las 800 empresas espa\u00f1olas j\u00f3venes que m\u00e1s crecen - FESPA Espa\u00f1a Magazine","isPartOf":{"@id":"https:\/\/fespa.es\/news\/#website"},"primaryImageOfPage":{"@id":"https:\/\/fespa.es\/news\/index.php\/2020\/02\/07\/adivin-banderas-y-libecom-de-comunicacion-visual-estan-entre-las-800-empresas-espanolas-jovenes-que-mas-crecen\/#primaryimage"},"image":{"@id":"https:\/\/fespa.es\/news\/index.php\/2020\/02\/07\/adivin-banderas-y-libecom-de-comunicacion-visual-estan-entre-las-800-empresas-espanolas-jovenes-que-mas-crecen\/#primaryimage"},"thumbnailUrl":"https:\/\/fespa.es\/news\/wp-content\/uploads\/2020\/02\/Foto-trabajadores.jpg","datePublished":"2020-02-07T08:01:51+00:00","dateModified":"2020-03-04T12:05:55+00:00","author":{"@id":"https:\/\/fespa.es\/news\/#\/schema\/person\/0019098322836346476fc7dfdbd26d95"},"breadcrumb":{"@id":"https:\/\/fespa.es\/news\/index.php\/2020\/02\/07\/adivin-banderas-y-libecom-de-comunicacion-visual-estan-entre-las-800-empresas-espanolas-jovenes-que-mas-crecen\/#breadcrumb"},"inLanguage":"es","potentialAction":[{"@type":"ReadAction","target":["https:\/\/fespa.es\/news\/index.php\/2020\/02\/07\/adivin-banderas-y-libecom-de-comunicacion-visual-estan-entre-las-800-empresas-espanolas-jovenes-que-mas-crecen\/"]}]},{"@type":"ImageObject","inLanguage":"es","@id":"https:\/\/fespa.es\/news\/index.php\/2020\/02\/07\/adivin-banderas-y-libecom-de-comunicacion-visual-estan-entre-las-800-empresas-espanolas-jovenes-que-mas-crecen\/#primaryimage","url":"https:\/\/fespa.es\/news\/wp-content\/uploads\/2020\/02\/Foto-trabajadores.jpg","contentUrl":"https:\/\/fespa.es\/news\/wp-content\/uploads\/2020\/02\/Foto-trabajadores.jpg","width":1368,"height":770},{"@type":"BreadcrumbList","@id":"https:\/\/fespa.es\/news\/index.php\/2020\/02\/07\/adivin-banderas-y-libecom-de-comunicacion-visual-estan-entre-las-800-empresas-espanolas-jovenes-que-mas-crecen\/#breadcrumb","itemListElement":[{"@type":"ListItem","position":1,"name":"Portada","item":"https:\/\/fespa.es\/news\/"},{"@type":"ListItem","position":2,"name":"Adivin Banderas y Libecom de Comunicaci\u00f3n Visual est\u00e1n entre las 800 empresas espa\u00f1olas j\u00f3venes que m\u00e1s crecen"}]},{"@type":"WebSite","@id":"https:\/\/fespa.es\/news\/#website","url":"https:\/\/fespa.es\/news\/","name":"FESPA Espa\u00f1a Magazine","description":"El Peri\u00f3dico de la industria de la comunicaci\u00f3n visual","potentialAction":[{"@type":"SearchAction","target":{"@type":"EntryPoint","urlTemplate":"https:\/\/fespa.es\/news\/?s={search_term_string}"},"query-input":{"@type":"PropertyValueSpecification","valueRequired":true,"valueName":"search_term_string"}}],"inLanguage":"es"},{"@type":"Person","@id":"https:\/\/fespa.es\/news\/#\/schema\/person\/0019098322836346476fc7dfdbd26d95","name":"admin","image":{"@type":"ImageObject","inLanguage":"es","@id":"https:\/\/fespa.es\/news\/#\/schema\/person\/image\/","url":"https:\/\/secure.gravatar.com\/avatar\/6a6c60542c39a2d052b8b1e8c5145e669bf888b9b229b3da0e43092daac8a32e?s=96&d=mm&r=g","contentUrl":"https:\/\/secure.gravatar.com\/avatar\/6a6c60542c39a2d052b8b1e8c5145e669bf888b9b229b3da0e43092daac8a32e?s=96&d=mm&r=g","caption":"admin"},"url":"https:\/\/fespa.es\/news\/index.php\/author\/admin\/"}]}},"_links":{"self":[{"href":"https:\/\/fespa.es\/news\/index.php\/wp-json\/wp\/v2\/posts\/1077","targetHints":{"allow":["GET"]}}],"collection":[{"href":"https:\/\/fespa.es\/news\/index.php\/wp-json\/wp\/v2\/posts"}],"about":[{"href":"https:\/\/fespa.es\/news\/index.php\/wp-json\/wp\/v2\/types\/post"}],"author":[{"embeddable":true,"href":"https:\/\/fespa.es\/news\/index.php\/wp-json\/wp\/v2\/users\/1"}],"replies":[{"embeddable":true,"href":"https:\/\/fespa.es\/news\/index.php\/wp-json\/wp\/v2\/comments?post=1077"}],"version-history":[{"count":1,"href":"https:\/\/fespa.es\/news\/index.php\/wp-json\/wp\/v2\/posts\/1077\/revisions"}],"predecessor-version":[{"id":1079,"href":"https:\/\/fespa.es\/news\/index.php\/wp-json\/wp\/v2\/posts\/1077\/revisions\/1079"}],"wp:featuredmedia":[{"embeddable":true,"href":"https:\/\/fespa.es\/news\/index.php\/wp-json\/wp\/v2\/media\/1078"}],"wp:attachment":[{"href":"https:\/\/fespa.es\/news\/index.php\/wp-json\/wp\/v2\/media?parent=1077"}],"wp:term":[{"taxonomy":"category","embeddable":true,"href":"https:\/\/fespa.es\/news\/index.php\/wp-json\/wp\/v2\/categories?post=1077"},{"taxonomy":"post_tag","embeddable":true,"href":"https:\/\/fespa.es\/news\/index.php\/wp-json\/wp\/v2\/tags?post=1077"}],"curies":[{"name":"wp","href":"https:\/\/api.w.org\/{rel}","templated":true}]}}